{"content":"<div class=\"row inline-row\">\r\n                <div class=\"col-md-6 inline-col feed-item\">\r\n            <div class=\"clearfix\">\r\n        <div class=\"col-xs-12 img  \">\r\n            <a  href=\"https:\/\/veszpremikamara.hu\/hirek\/orszagos-kamarai-program-indult-a-vallalkozasok-adminisztracios-terheinek-csokkentesere\">\r\n                <img class=\"img-responsive img-center\" src=\"https:\/\/veszpremikamara.hu\/uploads\/feed_items\/small-f-2-17876547120817.jpg\" alt=\"Orsz\u00e1gos kamarai program indult a v\u00e1llalkoz\u00e1sok adminisztr\u00e1ci\u00f3s terheinek cs\u00f6kkent\u00e9s\u00e9re\">\r\n            <\/a>\r\n        <\/div>\r\n        <div class=\"col-xs-7 info\">\r\n            <div class=\"title\"><a  href=\"https:\/\/veszpremikamara.hu\/hirek\/orszagos-kamarai-program-indult-a-vallalkozasok-adminisztracios-terheinek-csokkentesere\">Orsz\u00e1gos kamarai program indult a v\u00e1llalkoz\u00e1sok adminisztr\u00e1ci\u00f3s terheinek cs\u00f6kkent\u00e9s\u00e9re<\/a><\/div>\r\n                            <ul class=\"categories\">\r\n                                            <li><a style=\"background: rgba(232,136,43,0.95); color: #ffffff\" href=\"https:\/\/veszpremikamara.hu\/hirek\/gazdasagfejlesztes\">Gazdas\u00e1gfejleszt\u00e9s<\/a><\/li>\r\n                                        <li><span class=\"public-at\">2026. augusztus 25.<\/span><\/li>\r\n                <\/ul>\r\n                        <div class=\"desc\"><p style=\"text-align:justify\"><strong>A Magyar Kereskedelmi \u00e9s Iparkamara orsz\u00e1gos programot ind\u00edtott \u201eAdminisztr\u00e1ci\u00f3 k\u00f6nnyebben\u201d c\u00edmmel annak \u00e9rdek\u00e9ben, hogy \u00e9rdemi seg\u00edts\u00e9get ny\u00fajtson a mikro-, kis- \u00e9s k\u00f6z\u00e9pv\u00e1llalkoz\u00e1soknak az adminisztr\u00e1ci\u00f3s terhek cs\u00f6kkent\u00e9s\u00e9ben.<\/strong><\/p><\/div>\r\n        <\/div>\r\n    <\/div>\r\n        <\/div>\r\n            <div class=\"col-md-6 inline-col feed-item\">\r\n            <div class=\"clearfix\">\r\n        <div class=\"col-xs-12 img  \">\r\n            <a  href=\"https:\/\/veszpremikamara.hu\/hirek\/angol-verseny-a-nyelvek-europai-napja-alkalmabol\">\r\n                <img class=\"img-responsive img-center\" src=\"https:\/\/veszpremikamara.hu\/uploads\/feed_items\/small-plakat-nyelvek-europai-napja-2026-nyelvi-verseny-felhivas-17876424843732.png\" alt=\"Angol verseny a Nyelvek Eur\u00f3pai Napja alkalm\u00e1b\u00f3l\">\r\n            <\/a>\r\n        <\/div>\r\n        <div class=\"col-xs-7 info\">\r\n            <div class=\"title\"><a  href=\"https:\/\/veszpremikamara.hu\/hirek\/angol-verseny-a-nyelvek-europai-napja-alkalmabol\">Angol verseny a Nyelvek Eur\u00f3pai Napja alkalm\u00e1b\u00f3l<\/a><\/div>\r\n                            <ul class=\"categories\">\r\n                                            <li><a style=\"background: rgba(51,122,183,0.95); color: #ffffff\" href=\"https:\/\/veszpremikamara.hu\/hirek\/europe-direct\">Europe Direct<\/a><\/li>\r\n                                        <li><span class=\"public-at\">2026. augusztus 25.<\/span><\/li>\r\n                <\/ul>\r\n                        <div class=\"desc\"><p style=\"text-align:justify\">A Europe Direct Veszpr\u00e9m, valamint a Europe Direct Fej\u00e9r k\u00f6z\u00f6sen angol nyelvi versenyt hirdetnek a Veszpr\u00e9m \u00e9s Fej\u00e9r v\u00e1rmegyei k\u00f6z\u00e9piskol\u00e1k di\u00e1kjai r\u00e9sz\u00e9re a <a href=\"https:\/\/edl.ecml.at\/Home\/tabid\/1455\/language\/hu-HU\/Default.aspx\" target=\"_blank\">Nyelvek Eur\u00f3pai Napja<\/a> alkalm\u00e1b\u00f3l, 2026. okt\u00f3ber 1-j\u00e9n.<\/p><\/div>\r\n        <\/div>\r\n    <\/div>\r\n        <\/div>\r\n            <div class=\"col-md-6 inline-col feed-item\">\r\n            <div class=\"clearfix\">\r\n        <div class=\"col-xs-12 img  \">\r\n            <a  href=\"https:\/\/veszpremikamara.hu\/hirek\/varjak-a-jeloleseket-a-2026-os-gabor-denes-dijra\">\r\n                <img class=\"img-responsive img-center\" src=\"https:\/\/veszpremikamara.hu\/uploads\/feed_items\/small-gabordenes2-17875561980778.jpg\" alt=\"V\u00e1rj\u00e1k a jel\u00f6l\u00e9seket a 2026-os G\u00e1bor D\u00e9nes-d\u00edjra\">\r\n            <\/a>\r\n        <\/div>\r\n        <div class=\"col-xs-7 info\">\r\n            <div class=\"title\"><a  href=\"https:\/\/veszpremikamara.hu\/hirek\/varjak-a-jeloleseket-a-2026-os-gabor-denes-dijra\">V\u00e1rj\u00e1k a jel\u00f6l\u00e9seket a 2026-os G\u00e1bor D\u00e9nes-d\u00edjra<\/a><\/div>\r\n                            <ul class=\"categories\">\r\n                                            <li><a style=\"background: rgba(232,136,43,0.95); color: #ffffff\" href=\"https:\/\/veszpremikamara.hu\/hirek\/gazdasagfejlesztes\">Gazdas\u00e1gfejleszt\u00e9s<\/a><\/li>\r\n                                        <li><span class=\"public-at\">2026. augusztus 24.<\/span><\/li>\r\n                <\/ul>\r\n                        <div class=\"desc\"><p style=\"text-align:justify\">A NOVOFER Alap\u00edtv\u00e1ny 2026-ban is v\u00e1rja a jel\u00f6l\u00e9seket a&nbsp;<a href=\"https:\/\/sztnh.gov.hu\/kezdooldal\/hirek\/varjak-a-jeloleseket-a-2026_-evi-gabor-denes-dijra?utm_source=facebook&amp;utm_medium=paid_social&amp;utm_campaign=IP_Scan&amp;utm_content=boosted_post&amp;utm_id=120250837163890455&amp;utm_term=120250837164320455&amp;fbclid=IwVERDUATs9ohwZG9mBWZkaWQWUMjDaSGEzrIkd5QA-HkJVj1tw8RwGWV4dG4DYWVtATAAYWRpZAGrN4ACkwInc3J0YwZhcHBfaWQKNjYyODU2ODM3OQABHpqAwJ3_QvqkQer65DpXVeq9X1LOSjn-_p-fUY4zlw3MRYbeHY68qiPHm9SS_aem_d_tton8qX_556NVmqZiPUw\" target=\"_blank\">G\u00e1bor D\u00e9nes-d\u00edjra<\/a>, melynek alapvet\u0151 c\u00e9lja az innovat\u00edv magatart\u00e1s elismer\u00e9se.<\/p><\/div>\r\n        <\/div>\r\n    <\/div>\r\n        <\/div>\r\n            <div class=\"col-md-6 inline-col feed-item\">\r\n            <div class=\"clearfix\">\r\n        <div class=\"col-xs-12 img  \">\r\n            <a  href=\"https:\/\/veszpremikamara.hu\/hirek\/a-nav-epenztargep-mar-elerheto-igy-keszulhetnek-a-vallalkozasok-a-szeptemberi-valtozasra2\">\r\n                <img class=\"img-responsive img-center\" src=\"https:\/\/veszpremikamara.hu\/uploads\/feed_items\/small-nemzeti-ado-es-vamhivatal-nav-logo-vector-1-17875554209896.png\" alt=\"A NAV eP\u00e9nzt\u00e1rg\u00e9p m\u00e1r el\u00e9rhet\u0151 \u2013 \u00edgy k\u00e9sz\u00fclhetnek a v\u00e1llalkoz\u00e1sok a szeptemberi v\u00e1ltoz\u00e1sra\">\r\n            <\/a>\r\n        <\/div>\r\n        <div class=\"col-xs-7 info\">\r\n            <div class=\"title\"><a  href=\"https:\/\/veszpremikamara.hu\/hirek\/a-nav-epenztargep-mar-elerheto-igy-keszulhetnek-a-vallalkozasok-a-szeptemberi-valtozasra2\">A NAV eP\u00e9nzt\u00e1rg\u00e9p m\u00e1r el\u00e9rhet\u0151 \u2013 \u00edgy k\u00e9sz\u00fclhetnek a v\u00e1llalkoz\u00e1sok a szeptemberi v\u00e1ltoz\u00e1sra<\/a><\/div>\r\n                            <ul class=\"categories\">\r\n                                            <li><a style=\"background: rgba(44,40,48,0.59); color: #ffffff\" href=\"https:\/\/veszpremikamara.hu\/hirek\/gazdasag\">Gazdas\u00e1g<\/a><\/li>\r\n                                            <li><a style=\"background: #ff0000; color: #ffffff\" href=\"https:\/\/veszpremikamara.hu\/hirek\/nav-hirek\">NAV h\u00edrek<\/a><\/li>\r\n                                        <li><span class=\"public-at\">2026. augusztus 24.<\/span><\/li>\r\n                <\/ul>\r\n                        <div class=\"desc\"><p style=\"text-align:justify\">2026. szeptember 1-j\u00e9t\u0151l&nbsp;<strong>a k\u00e9zi \u00e9s a sz\u00e1m\u00edt\u00f3g\u00e9ppel el\u0151\u00e1ll\u00edtott nyugt\u00e1k adatair\u00f3l is adatot kell szolg\u00e1ltatni a NAV fel\u00e9<\/strong>. Az \u00e9rintett nyugt\u00e1k adatait 3 napt\u00e1ri napon bel\u00fcl, napi szinten \u00f6sszes\u00edtve, ad\u00f3m\u00e9rt\u00e9kek szerinti bont\u00e1sban kell majd bek\u00fcldeni a NAV \u00e1ltal biztos\u00edtott elektronikus fel\u00fcleten.<\/p><\/div>\r\n        <\/div>\r\n    <\/div>\r\n        <\/div>\r\n            <div class=\"col-md-6 inline-col feed-item\">\r\n            <div class=\"clearfix\">\r\n        <div class=\"col-xs-12 img  \">\r\n            <a  href=\"https:\/\/veszpremikamara.hu\/hirek\/az-epr-es-a-ppwr-egymassal-osszefuggo-de-kulon-kezelendo-megfelelesi-teruletek\">\r\n                <img class=\"img-responsive img-center\" src=\"https:\/\/veszpremikamara.hu\/uploads\/feed_items\/small-europai-bizottsag-europai-unio-17875548985099.jpg\" alt=\"Az EPR \u00e9s a PPWR egym\u00e1ssal \u00f6sszef\u00fcgg\u0151, de k\u00fcl\u00f6n kezelend\u0151 megfelel\u00e9si ter\u00fcletek\">\r\n            <\/a>\r\n        <\/div>\r\n        <div class=\"col-xs-7 info\">\r\n            <div class=\"title\"><a  href=\"https:\/\/veszpremikamara.hu\/hirek\/az-epr-es-a-ppwr-egymassal-osszefuggo-de-kulon-kezelendo-megfelelesi-teruletek\">Az EPR \u00e9s a PPWR egym\u00e1ssal \u00f6sszef\u00fcgg\u0151, de k\u00fcl\u00f6n kezelend\u0151 megfelel\u00e9si ter\u00fcletek<\/a><\/div>\r\n                            <ul class=\"categories\">\r\n                                            <li><a style=\"background: rgba(232,136,43,0.95); color: #ffffff\" href=\"https:\/\/veszpremikamara.hu\/hirek\/gazdasagfejlesztes\">Gazdas\u00e1gfejleszt\u00e9s<\/a><\/li>\r\n                                        <li><span class=\"public-at\">2026. augusztus 24.<\/span><\/li>\r\n                <\/ul>\r\n                        <div class=\"desc\"><p style=\"text-align:justify\">2026. augusztus 12-t\u0151l alkalmazand\u00f3 az Eur\u00f3pai Uni\u00f3 \u00faj csomagol\u00e1si \u00e9s csomagol\u00e1si hullad\u00e9kokr\u00f3l sz\u00f3l\u00f3 rendelete, a PPWR.&nbsp;<\/p><\/div>\r\n        <\/div>\r\n    <\/div>\r\n        <\/div>\r\n            <div class=\"col-md-6 inline-col feed-item\">\r\n            <div class=\"clearfix\">\r\n        <div class=\"col-xs-12 img  \">\r\n            <a  href=\"https:\/\/veszpremikamara.hu\/hirek\/oszd-meg-a-velemenyedet-az-eu-rol-es-nyerj\">\r\n                <img class=\"img-responsive img-center\" src=\"https:\/\/veszpremikamara.hu\/uploads\/feed_items\/small-chatgpt-image-2026-17871266086921.png\" alt=\"Oszd meg a v\u00e9lem\u00e9nyedet az EU-r\u00f3l \u00e9s nyerj!\">\r\n            <\/a>\r\n        <\/div>\r\n        <div class=\"col-xs-7 info\">\r\n            <div class=\"title\"><a  href=\"https:\/\/veszpremikamara.hu\/hirek\/oszd-meg-a-velemenyedet-az-eu-rol-es-nyerj\">Oszd meg a v\u00e9lem\u00e9nyedet az EU-r\u00f3l \u00e9s nyerj!<\/a><\/div>\r\n                            <ul class=\"categories\">\r\n                                            <li><a style=\"background: rgba(51,122,183,0.95); color: #ffffff\" href=\"https:\/\/veszpremikamara.hu\/hirek\/europe-direct\">Europe Direct<\/a><\/li>\r\n                                        <li><span class=\"public-at\">2026. augusztus 19.<\/span><\/li>\r\n                <\/ul>\r\n                        <div class=\"desc\"><p style=\"text-align:justify\">A VKIK \u00e1ltal m\u0171k\u00f6dtetett&nbsp;<strong>Europe Direct Veszpr\u00e9m&nbsp;<\/strong>online kv\u00edzj\u00e1t\u00e9kot&nbsp;ind\u00edt <em>\u201eAz EU \u00e9s Te \u2013 J\u00e1tssz! Oszd meg a v\u00e9lem\u00e9nyedet! Nyerj!\u201d<\/em> c\u00edmmel.&nbsp;A r\u00e9sztvev\u0151k egyr\u00e9szt megoszthatj\u00e1k v\u00e9lem\u00e9ny\u00fcket az EU-val&nbsp;kapcsolatos \u00fcgyekben, m\u00e1sr\u00e9szt tesztelhetik az uni\u00f3s&nbsp;ismereteiket.<\/p>\r\n\r\n<p style=\"text-align:justify\">&nbsp;<\/p><\/div>\r\n        <\/div>\r\n    <\/div>\r\n        <\/div>\r\n            <div class=\"col-md-6 inline-col feed-item\">\r\n            <div class=\"clearfix\">\r\n        <div class=\"col-xs-12 img  \">\r\n            <a  href=\"https:\/\/veszpremikamara.hu\/hirek\/nyugtaadat-szolgaltatas-videoval-segit-a-nav\">\r\n                <img class=\"img-responsive img-center\" src=\"https:\/\/veszpremikamara.hu\/uploads\/feed_items\/small-eny-1000x563-17869487040672.png\" alt=\"Nyugtaadat-szolg\u00e1ltat\u00e1s: vide\u00f3val seg\u00edt a NAV\">\r\n            <\/a>\r\n        <\/div>\r\n        <div class=\"col-xs-7 info\">\r\n            <div class=\"title\"><a  href=\"https:\/\/veszpremikamara.hu\/hirek\/nyugtaadat-szolgaltatas-videoval-segit-a-nav\">Nyugtaadat-szolg\u00e1ltat\u00e1s: vide\u00f3val seg\u00edt a NAV<\/a><\/div>\r\n                            <ul class=\"categories\">\r\n                                            <li><a style=\"background: rgba(44,40,48,0.59); color: #ffffff\" href=\"https:\/\/veszpremikamara.hu\/hirek\/gazdasag\">Gazdas\u00e1g<\/a><\/li>\r\n                                            <li><a style=\"background: #ff0000; color: #ffffff\" href=\"https:\/\/veszpremikamara.hu\/hirek\/nav-hirek\">NAV h\u00edrek<\/a><\/li>\r\n                                        <li><span class=\"public-at\">2026. augusztus 17.<\/span><\/li>\r\n                <\/ul>\r\n                        <div class=\"desc\"><p style=\"text-align:justify\"><a href=\"https:\/\/www.youtube.com\/watch?v=6J2gvlt4lPA\" target=\"_blank\">NAV-vide\u00f3<\/a> seg\u00edti a v\u00e1llalkoz\u00e1sokat a nyugtaadat-szolg\u00e1ltat\u00e1sra val\u00f3 felk\u00e9sz\u00fcl\u00e9sben. A hivatal kisfilmje l\u00e9p\u00e9sr\u0151l l\u00e9p\u00e9sre mutatja be a NAV eP\u00e9nzt\u00e1rg\u00e9p alkalmaz\u00e1s let\u00f6lt\u00e9s\u00e9t \u00e9s \u00fczembe helyez\u00e9s\u00e9t, az applik\u00e1ci\u00f3val n\u00e9h\u00e1ny koppint\u00e1s a nyugtak\u00e9sz\u00edt\u00e9s, az adatszolg\u00e1ltat\u00e1s pedig automatikus.<\/p><\/div>\r\n        <\/div>\r\n    <\/div>\r\n        <\/div>\r\n            <div class=\"col-md-6 inline-col feed-item\">\r\n            <div class=\"clearfix\">\r\n        <div class=\"col-xs-12 img  \">\r\n            <a  href=\"https:\/\/veszpremikamara.hu\/hirek\/autoszerelo-mestervizsga-veszpremben\">\r\n                <img class=\"img-responsive img-center\" src=\"https:\/\/veszpremikamara.hu\/uploads\/feed_items\/small-20260812-2-17866193673755.jpg\" alt=\"Aut\u00f3szerel\u0151 mestervizsga Veszpr\u00e9mben\">\r\n            <\/a>\r\n        <\/div>\r\n        <div class=\"col-xs-7 info\">\r\n            <div class=\"title\"><a  href=\"https:\/\/veszpremikamara.hu\/hirek\/autoszerelo-mestervizsga-veszpremben\">Aut\u00f3szerel\u0151 mestervizsga Veszpr\u00e9mben<\/a><\/div>\r\n                            <ul class=\"categories\">\r\n                                            <li><a style=\"background: #921a1d; color: #ffffff\" href=\"https:\/\/veszpremikamara.hu\/hirek\/kamara\">Kamara<\/a><\/li>\r\n                                            <li><a style=\"background: rgba(151,75,138,0.95); color: #ffffff\" href=\"https:\/\/veszpremikamara.hu\/hirek\/szakkepzes\">Szakk\u00e9pz\u00e9s<\/a><\/li>\r\n                                        <li><span class=\"public-at\">2026. augusztus 13.<\/span><\/li>\r\n                <\/ul>\r\n                        <div class=\"desc\"><p style=\"text-align:justify\">A Veszpr\u00e9m V\u00e1rmegyei Kereskedelmi \u00e9s Iparkamara szervez\u00e9s\u00e9ben 2026 m\u00e1jus\u00e1ban indult el az <strong>aut\u00f3szerel\u0151 <\/strong>szakemberek sz\u00e1m\u00e1ra meghirdetett <strong>mesterk\u00e9pz\u00e9s<\/strong>, amely h\u00e1rom h\u00f3nap intenz\u00edv felk\u00e9sz\u00fcl\u00e9st k\u00f6vet\u0151en sikeres mestervizsg\u00e1val z\u00e1rult.<\/p><\/div>\r\n        <\/div>\r\n    <\/div>\r\n        <\/div>\r\n    <\/div>\r\n\r\n<ul class=\"pagination\">\r\n                    <li class=\"left\"><a href=\"https:\/\/veszpremikamara.hu\/api\/feeds\/page?page=1\" rel=\"prev\"><span class=\"icon icon-arrow-flat-left\"><\/span><\/a><\/li>\r\n        \r\n                    \r\n                                                                        <li><a href=\"https:\/\/veszpremikamara.hu\/api\/feeds\/page?page=1\">01<\/a><\/li>\r\n                                                                                <li class=\"active\"><span>02<\/span><\/li>\r\n                                                                                <li><a href=\"https:\/\/veszpremikamara.hu\/api\/feeds\/page?page=3\">03<\/a><\/li>\r\n                                                                                <li><a href=\"https:\/\/veszpremikamara.hu\/api\/feeds\/page?page=4\">04<\/a><\/li>\r\n                                                                                <li><a href=\"https:\/\/veszpremikamara.hu\/api\/feeds\/page?page=5\">05<\/a><\/li>\r\n                                                                                <li><a href=\"https:\/\/veszpremikamara.hu\/api\/feeds\/page?page=6\">06<\/a><\/li>\r\n                                                                                <li><a href=\"https:\/\/veszpremikamara.hu\/api\/feeds\/page?page=7\">07<\/a><\/li>\r\n                                                                                <li><a href=\"https:\/\/veszpremikamara.hu\/api\/feeds\/page?page=8\">08<\/a><\/li>\r\n                                                                                    <li class=\"disabled\"><span>...<\/span><\/li>\r\n            \r\n                                \r\n                                                                        <li><a href=\"https:\/\/veszpremikamara.hu\/api\/feeds\/page?page=188\">188<\/a><\/li>\r\n                                                                                <li><a href=\"https:\/\/veszpremikamara.hu\/api\/feeds\/page?page=189\">189<\/a><\/li>\r\n                                                        \r\n                    <li class=\"right\"><a href=\"https:\/\/veszpremikamara.hu\/api\/feeds\/page?page=3\" rel=\"next\"><span class=\"icon icon-arrow-flat-right\"><\/span><\/a><\/li>\r\n            <\/ul>\r\n\r\n","page":"2"}