{"content":"<div class=\"row inline-row\">\r\n                <div class=\"col-md-6 inline-col feed-item\">\r\n            <div class=\"clearfix\">\r\n        <div class=\"col-xs-12 img  \">\r\n            <a  href=\"https:\/\/veszpremikamara.hu\/hirek\/legfrissebb-unios-palyazati-lehetosegek\">\r\n                <img class=\"img-responsive img-center\" src=\"https:\/\/veszpremikamara.hu\/uploads\/feed_items\/small-mfoi-cover-17627854771001.jpg\" alt=\"Legfrissebb uni\u00f3s p\u00e1ly\u00e1zati lehet\u0151s\u00e9gek\">\r\n            <\/a>\r\n        <\/div>\r\n        <div class=\"col-xs-7 info\">\r\n            <div class=\"title\"><a  href=\"https:\/\/veszpremikamara.hu\/hirek\/legfrissebb-unios-palyazati-lehetosegek\">Legfrissebb uni\u00f3s p\u00e1ly\u00e1zati lehet\u0151s\u00e9gek<\/a><\/div>\r\n                            <ul class=\"categories\">\r\n                                            <li><a style=\"background: rgba(232,136,43,0.95); color: #ffffff\" href=\"https:\/\/veszpremikamara.hu\/hirek\/gazdasagfejlesztes\">Gazdas\u00e1gfejleszt\u00e9s<\/a><\/li>\r\n                                            <li><a style=\"background: #921a1d; color: #ffffff\" href=\"https:\/\/veszpremikamara.hu\/hirek\/palyazat\">P\u00e1ly\u00e1zat<\/a><\/li>\r\n                                        <li><span class=\"public-at\">2025. november 10.<\/span><\/li>\r\n                <\/ul>\r\n                        <div class=\"desc\"><p style=\"text-align:justify\">A v\u00e1llalkoz\u00e1soknak sz\u00f3l\u00f3&nbsp;uni\u00f3s&nbsp;p\u00e1ly\u00e1zati k\u00edn\u00e1lat megtal\u00e1lhat\u00f3 az&nbsp;<a href=\"https:\/\/ec.europa.eu\/info\/funding-tenders\/opportunities\/portal\/screen\/home\" target=\"_blank\">EU Funding &amp; Tenders<\/a>&nbsp;port\u00e1lon,&nbsp;azonban a Magyar Fejleszt\u00e9s\u00f6szt\u00f6nz\u0151 Iroda (MFOI) id\u0151r\u0151l id\u0151re \u00f6sszegy\u0171jti a legfrissebb, legrelev\u00e1nsabb k\u00f6zvetlen uni\u00f3s p\u00e1ly\u00e1zati felh\u00edv\u00e1sokat, amelyek <a href=\"https:\/\/mailchi.mp\/e2d95a65f900\/nkormnyzati-hrlevl-j-plyzati-felhvs-6424348?e=1b9495ab0a\" target=\"_blank\">ide kattintva<\/a> el\u00e9rhet\u0151k.<\/p><\/div>\r\n        <\/div>\r\n    <\/div>\r\n        <\/div>\r\n            <div class=\"col-md-6 inline-col feed-item\">\r\n            <div class=\"clearfix\">\r\n        <div class=\"col-xs-12 img  \">\r\n            <a  href=\"https:\/\/veszpremikamara.hu\/hirek\/a-technologia-es-az-innovacio-ejszakaja-modern-gyarak-veszprem-varmegyeben\">\r\n                <img class=\"img-responsive img-center\" src=\"https:\/\/veszpremikamara.hu\/uploads\/feed_items\/small-modern-gy-17627858466572.jpg\" alt=\"A technol\u00f3gia \u00e9s az innov\u00e1ci\u00f3 \u00e9jszak\u00e1ja \u2013 Modern gy\u00e1rak Veszpr\u00e9m v\u00e1rmegy\u00e9ben\">\r\n            <\/a>\r\n        <\/div>\r\n        <div class=\"col-xs-7 info\">\r\n            <div class=\"title\"><a  href=\"https:\/\/veszpremikamara.hu\/hirek\/a-technologia-es-az-innovacio-ejszakaja-modern-gyarak-veszprem-varmegyeben\">A technol\u00f3gia \u00e9s az innov\u00e1ci\u00f3 \u00e9jszak\u00e1ja \u2013 Modern gy\u00e1rak Veszpr\u00e9m v\u00e1rmegy\u00e9ben<\/a><\/div>\r\n                            <ul class=\"categories\">\r\n                                            <li><a style=\"background: rgba(151,75,138,0.95); color: #ffffff\" href=\"https:\/\/veszpremikamara.hu\/hirek\/szakkepzes\">Szakk\u00e9pz\u00e9s<\/a><\/li>\r\n                                        <li><span class=\"public-at\">2025. november 10.<\/span><\/li>\r\n                <\/ul>\r\n                        <div class=\"desc\"><p style=\"text-align:justify\">A h\u00e9tv\u00e9g\u00e9n ism\u00e9t megny\u00edlnak Magyarorsz\u00e1g legmodernebb \u00fczemei a Modern gy\u00e1rak \u00e9jszak\u00e1ja programsorozat keret\u00e9ben.<\/p><\/div>\r\n        <\/div>\r\n    <\/div>\r\n        <\/div>\r\n            <div class=\"col-md-6 inline-col feed-item\">\r\n            <div class=\"clearfix\">\r\n        <div class=\"col-xs-12 img  \">\r\n            <a  href=\"https:\/\/veszpremikamara.hu\/hirek\/uzleti-reggeli-sumegen-kozeppontban-a-tersegi-gazdasagfejlesztes-es-az-egyuttmukodesek\">\r\n                <img class=\"img-responsive img-center\" src=\"https:\/\/veszpremikamara.hu\/uploads\/feed_items\/small-ba0b47220dff17dd1574bf637c2e9034-17625072320657.jpg\" alt=\"\u201e\u00dczleti reggeli S\u00fcmegen: k\u00f6z\u00e9ppontban a t\u00e9rs\u00e9gi gazdas\u00e1gfejleszt\u00e9s \u00e9s az egy\u00fcttm\u0171k\u00f6d\u00e9sek\u201d\">\r\n            <\/a>\r\n        <\/div>\r\n        <div class=\"col-xs-7 info\">\r\n            <div class=\"title\"><a  href=\"https:\/\/veszpremikamara.hu\/hirek\/uzleti-reggeli-sumegen-kozeppontban-a-tersegi-gazdasagfejlesztes-es-az-egyuttmukodesek\">\u201e\u00dczleti reggeli S\u00fcmegen: k\u00f6z\u00e9ppontban a t\u00e9rs\u00e9gi gazdas\u00e1gfejleszt\u00e9s \u00e9s az egy\u00fcttm\u0171k\u00f6d\u00e9sek\u201d<\/a><\/div>\r\n                            <ul class=\"categories\">\r\n                                            <li><a style=\"background: rgba(232,136,43,0.95); color: #ffffff\" href=\"https:\/\/veszpremikamara.hu\/hirek\/gazdasagfejlesztes\">Gazdas\u00e1gfejleszt\u00e9s<\/a><\/li>\r\n                                        <li><span class=\"public-at\">2025. november 07.<\/span><\/li>\r\n                <\/ul>\r\n                        <div class=\"desc\"><p style=\"text-align:justify\">2025. november 7-\u00e9n a Veszpr\u00e9m V\u00e1rmegyei Kereskedelmi \u00e9s Iparkamara S\u00fcmeg V\u00e1ros \u00d6nkorm\u00e1nyzat\u00e1val k\u00f6z\u00f6sen \u00fczleti reggelit tartott S\u00fcmegen, melynek&nbsp;c\u00e9lja a t\u00e9rs\u00e9g v\u00e1llalkoz\u00e1sai k\u00f6z\u00f6tti kapcsolat\u00e9p\u00edt\u00e9s, az aktu\u00e1lis gazdas\u00e1gi kih\u00edv\u00e1sok \u00e9s fejleszt\u00e9si lehet\u0151s\u00e9gek megvitat\u00e1sa, valamint egy\u00fcttm\u0171k\u00f6d\u00e9sek \u00f6szt\u00f6nz\u00e9se volt.<\/p><\/div>\r\n        <\/div>\r\n    <\/div>\r\n        <\/div>\r\n            <div class=\"col-md-6 inline-col feed-item\">\r\n            <div class=\"clearfix\">\r\n        <div class=\"col-xs-12 img  \">\r\n            <a  href=\"https:\/\/veszpremikamara.hu\/hirek\/frissult-az-europai-bizottsag-autonom-vamfelfuggeszteseket-es-kontingenseket-tartalmazo-adatbazisa\">\r\n                <img class=\"img-responsive img-center\" src=\"https:\/\/veszpremikamara.hu\/uploads\/feed_items\/small-1000028303-17624416870533.jpg\" alt=\"Friss\u00fclt az Eur\u00f3pai Bizotts\u00e1g auton\u00f3m v\u00e1mfelf\u00fcggeszt\u00e9seket \u00e9s kontingenseket tartalmaz\u00f3 adatb\u00e1zisa\">\r\n            <\/a>\r\n        <\/div>\r\n        <div class=\"col-xs-7 info\">\r\n            <div class=\"title\"><a  href=\"https:\/\/veszpremikamara.hu\/hirek\/frissult-az-europai-bizottsag-autonom-vamfelfuggeszteseket-es-kontingenseket-tartalmazo-adatbazisa\">Friss\u00fclt az Eur\u00f3pai Bizotts\u00e1g auton\u00f3m v\u00e1mfelf\u00fcggeszt\u00e9seket \u00e9s kontingenseket tartalmaz\u00f3 adatb\u00e1zisa<\/a><\/div>\r\n                            <ul class=\"categories\">\r\n                                            <li><a style=\"background: rgba(44,40,48,0.59); color: #ffffff\" href=\"https:\/\/veszpremikamara.hu\/hirek\/gazdasag\">Gazdas\u00e1g<\/a><\/li>\r\n                                        <li><span class=\"public-at\">2025. november 06.<\/span><\/li>\r\n                <\/ul>\r\n                        <div class=\"desc\"><p style=\"text-align:justify\">A Veszpr\u00e9m V\u00e1rmegyei Kereskedelmi \u00e9s Iparkamara t\u00e1j\u00e9koztatja a v\u00e1llalkoz\u00e1sokat, hogy a K\u00fclgazdas\u00e1gi \u00e9s K\u00fcl\u00fcgyminiszt\u00e9rium Kereskedelempolitikai F\u0151oszt\u00e1ly\u00e1nak \u00e9rtes\u00edt\u00e9se alapj\u00e1n az Eur\u00f3pai Bizotts\u00e1g friss\u00edtette az auton\u00f3m v\u00e1mfelf\u00fcggeszt\u00e9sek \u00e9s kontingensek adatb\u00e1zis\u00e1t.<\/p><\/div>\r\n        <\/div>\r\n    <\/div>\r\n        <\/div>\r\n            <div class=\"col-md-6 inline-col feed-item\">\r\n            <div class=\"clearfix\">\r\n        <div class=\"col-xs-12 img  \">\r\n            <a  href=\"https:\/\/veszpremikamara.hu\/hirek\/demjan-sandor-11-kkv-beruhazas-elenkito-tamogatasi-program-2-utem\">\r\n                <img class=\"img-responsive img-center\" src=\"https:\/\/veszpremikamara.hu\/uploads\/feed_items\/small-5776222746205325-n-17624930362446.jpg\" alt=\"Demj\u00e1n S\u00e1ndor 1+1 KKV Beruh\u00e1z\u00e1s-\u00e9l\u00e9nk\u00edt\u0151 T\u00e1mogat\u00e1si Program 2. \u00dctem\">\r\n            <\/a>\r\n        <\/div>\r\n        <div class=\"col-xs-7 info\">\r\n            <div class=\"title\"><a  href=\"https:\/\/veszpremikamara.hu\/hirek\/demjan-sandor-11-kkv-beruhazas-elenkito-tamogatasi-program-2-utem\">Demj\u00e1n S\u00e1ndor 1+1 KKV Beruh\u00e1z\u00e1s-\u00e9l\u00e9nk\u00edt\u0151 T\u00e1mogat\u00e1si Program 2. \u00dctem<\/a><\/div>\r\n                            <ul class=\"categories\">\r\n                                            <li><a style=\"background: rgba(232,136,43,0.95); color: #ffffff\" href=\"https:\/\/veszpremikamara.hu\/hirek\/gazdasagfejlesztes\">Gazdas\u00e1gfejleszt\u00e9s<\/a><\/li>\r\n                                            <li><a style=\"background: #921a1d; color: #ffffff\" href=\"https:\/\/veszpremikamara.hu\/hirek\/palyazat\">P\u00e1ly\u00e1zat<\/a><\/li>\r\n                                        <li><span class=\"public-at\">2025. november 06.<\/span><\/li>\r\n                <\/ul>\r\n                        <div class=\"desc\"><p style=\"text-align:justify\">A Nemzetgazdas\u00e1gi Miniszt\u00e9rium az 1. \u00fctem siker\u00e9re \u00e9p\u00edtve 2025. november 6-\u00e1n elind\u00edtja a Demj\u00e1n S\u00e1ndor 1+1 KKV Beruh\u00e1z\u00e1s-\u00e9l\u00e9nk\u00edt\u0151 T\u00e1mogat\u00e1si Program 2. \u00fctem\u00e9re az \u00e9rdekl\u0151d\u0151 c\u00e9gek regisztr\u00e1ci\u00f3j\u00e1t.&nbsp;<\/p><\/div>\r\n        <\/div>\r\n    <\/div>\r\n        <\/div>\r\n            <div class=\"col-md-6 inline-col feed-item\">\r\n            <div class=\"clearfix\">\r\n        <div class=\"col-xs-12 img  \">\r\n            <a  href=\"https:\/\/veszpremikamara.hu\/hirek\/tajekoztatas-a-minositett-elektronikus-alairasrol\">\r\n                <img class=\"img-responsive img-center\" src=\"https:\/\/veszpremikamara.hu\/uploads\/feed_items\/small-businessman-using-digital-tablet-office-17623744192556.jpg\" alt=\"T\u00e1j\u00e9koztat\u00e1s a min\u0151s\u00edtett elektronikus al\u00e1\u00edr\u00e1sr\u00f3l\">\r\n            <\/a>\r\n        <\/div>\r\n        <div class=\"col-xs-7 info\">\r\n            <div class=\"title\"><a  href=\"https:\/\/veszpremikamara.hu\/hirek\/tajekoztatas-a-minositett-elektronikus-alairasrol\">T\u00e1j\u00e9koztat\u00e1s a min\u0151s\u00edtett elektronikus al\u00e1\u00edr\u00e1sr\u00f3l<\/a><\/div>\r\n                            <ul class=\"categories\">\r\n                                            <li><a style=\"background: rgba(44,40,48,0.59); color: #ffffff\" href=\"https:\/\/veszpremikamara.hu\/hirek\/gazdasag\">Gazdas\u00e1g<\/a><\/li>\r\n                                        <li><span class=\"public-at\">2025. november 05.<\/span><\/li>\r\n                <\/ul>\r\n                        <div class=\"desc\"><p style=\"text-align:justify\"><strong>Az <\/strong><a href=\"https:\/\/ceginformaciosszolgalat.kormany.hu\/avdh-szolgaltatas-megszunes\"><strong>AVDH<\/strong><\/a><strong> (Azonos\u00edt\u00e1sra Visszavezetett Dokumentum Hiteles\u00edt\u00e9s) szolg\u00e1ltat\u00e1s 2025. okt\u00f3ber 31-\u00e9n v\u00e9glegesen <\/strong><a href=\"https:\/\/mti.hu\/nemzeti-kozlemenytar\/2025\/10\/21\/minden-gazdalkodo-szervezet-szamara-szukseges-piaci-minositett\" target=\"_blank\"><strong>kivezet\u00e9sre ker\u00fclt.<\/strong><\/a> Mivel elektronikus&nbsp;\u00fcgyint\u00e9z\u00e9s sor\u00e1n elektronikusan kell hiteles\u00edteni az iratokat, \u00edgy ahhoz, hogy a gazd\u00e1lkod\u00f3 szervezetek eleget tudjanak tenni az elektronikus kapcsolattart\u00e1sra vonatkoz\u00f3 k\u00f6telezetts\u00e9g\u00fcknek, a gazd\u00e1lkod\u00f3 szervezet k\u00e9pvisel\u0151i k\u00f6telesek <strong><a href=\"https:\/\/melasz.hu\/melasz-felhivas-az-avdh-vegleges-kivezetesevel-kapcsolatban\/?fbclid=IwZnRzaAN4HgFleHRuA2FlbQIxMQBzcnRjBmFwcF9pZAo2NjI4NTY4Mzc5AAEeyYhQKoLsBMtA8zsSgPmm1GrxrtT4eEMDEoPXIqd7qo9WKKkklx0Hhz6boYU_aem_pgPwtdavWVU6IupYjTt1GQ\">min\u0151s\u00edtett elektronikus al\u00e1\u00edr\u00e1ssal<\/a><\/strong> rendelkezni.<\/p><\/div>\r\n        <\/div>\r\n    <\/div>\r\n        <\/div>\r\n            <div class=\"col-md-6 inline-col feed-item\">\r\n            <div class=\"clearfix\">\r\n        <div class=\"col-xs-12 img  \">\r\n            <a  href=\"https:\/\/veszpremikamara.hu\/hirek\/digitalis-fejlodes-es-tamogatasi-lehetosegek-a-hazai-kkv-knak-szakmai-forum-veszpremben\">\r\n                <img class=\"img-responsive img-center\" src=\"https:\/\/veszpremikamara.hu\/uploads\/feed_items\/small-20251104-17622684677851.jpg\" alt=\"Digit\u00e1lis fejl\u0151d\u00e9s \u00e9s t\u00e1mogat\u00e1si lehet\u0151s\u00e9gek a hazai kkv-knak: szakmai f\u00f3rum Veszpr\u00e9mben\">\r\n            <\/a>\r\n        <\/div>\r\n        <div class=\"col-xs-7 info\">\r\n            <div class=\"title\"><a  href=\"https:\/\/veszpremikamara.hu\/hirek\/digitalis-fejlodes-es-tamogatasi-lehetosegek-a-hazai-kkv-knak-szakmai-forum-veszpremben\">Digit\u00e1lis fejl\u0151d\u00e9s \u00e9s t\u00e1mogat\u00e1si lehet\u0151s\u00e9gek a hazai kkv-knak: szakmai f\u00f3rum Veszpr\u00e9mben<\/a><\/div>\r\n                            <ul class=\"categories\">\r\n                                            <li><a style=\"background: rgba(232,136,43,0.95); color: #ffffff\" href=\"https:\/\/veszpremikamara.hu\/hirek\/gazdasagfejlesztes\">Gazdas\u00e1gfejleszt\u00e9s<\/a><\/li>\r\n                                        <li><span class=\"public-at\">2025. november 04.<\/span><\/li>\r\n                <\/ul>\r\n                        <div class=\"desc\"><p style=\"text-align:justify\">A Magyar Kereskedelmi \u00e9s Iparkamara szervez\u00e9s\u00e9ben Veszpr\u00e9mben val\u00f3sult meg a&nbsp;<strong>Modern V\u00e1llalkoz\u00e1sok Programja 2.0<\/strong>&nbsp;rendezv\u00e9ny&nbsp;k\u00f6vetkez\u0151 esem\u00e9nye,&nbsp;f\u00f3kuszban a digitaliz\u00e1ci\u00f3 \u00e9s a mesters\u00e9ges Intelligencia t\u00e9mak\u00f6reivel.&nbsp;<\/p><\/div>\r\n        <\/div>\r\n    <\/div>\r\n        <\/div>\r\n            <div class=\"col-md-6 inline-col feed-item\">\r\n            <div class=\"clearfix\">\r\n        <div class=\"col-xs-12 img  \">\r\n            <a  href=\"https:\/\/veszpremikamara.hu\/hirek\/penzugyi-tudatossag-es-palyazati-ismeretek-workshop-sorozat\">\r\n                <img class=\"img-responsive img-center\" src=\"https:\/\/veszpremikamara.hu\/uploads\/feed_items\/small-20251104-17622473595523.jpg\" alt=\"P\u00e9nz\u00fcgyi tudatoss\u00e1g \u00e9s p\u00e1ly\u00e1zati ismeretek workshop-sorozat\">\r\n            <\/a>\r\n        <\/div>\r\n        <div class=\"col-xs-7 info\">\r\n            <div class=\"title\"><a  href=\"https:\/\/veszpremikamara.hu\/hirek\/penzugyi-tudatossag-es-palyazati-ismeretek-workshop-sorozat\">P\u00e9nz\u00fcgyi tudatoss\u00e1g \u00e9s p\u00e1ly\u00e1zati ismeretek workshop-sorozat<\/a><\/div>\r\n                            <ul class=\"categories\">\r\n                                            <li><a style=\"background: rgba(232,136,43,0.95); color: #ffffff\" href=\"https:\/\/veszpremikamara.hu\/hirek\/gazdasagfejlesztes\">Gazdas\u00e1gfejleszt\u00e9s<\/a><\/li>\r\n                                        <li><span class=\"public-at\">2025. november 04.<\/span><\/li>\r\n                <\/ul>\r\n                        <div class=\"desc\"><p style=\"text-align:justify\">A Veszpr\u00e9m V\u00e1rmegyei Kereskedelmi \u00e9s Iparkamara a BENT Szakmai K\u00f6z\u00f6ss\u00e9g k\u00f6zrem\u0171k\u00f6d\u00e9s\u00e9vel p\u00e9nz\u00fcgyi \u00e9s p\u00e1ly\u00e1zati workshopot szervezett Ajk\u00e1n, P\u00e1p\u00e1n \u00e9s Tapolc\u00e1n annak \u00e9rdek\u00e9ben, hogy a r\u00e9sztvev\u0151k \u00e1tfog\u00f3 k\u00e9pet kapjanak a tudatos p\u00e9nz\u00fcgyi tervez\u00e9s, a v\u00e1llalkoz\u00e1sfejleszt\u00e9s \u00e9s a p\u00e1ly\u00e1zati lehet\u0151s\u00e9gek vil\u00e1g\u00e1r\u00f3l.<\/p><\/div>\r\n        <\/div>\r\n    <\/div>\r\n        <\/div>\r\n    <\/div>\r\n\r\n<ul class=\"pagination\">\r\n                    <li class=\"left\"><a href=\"https:\/\/veszpremikamara.hu\/api\/feeds\/page?page=24\" rel=\"prev\"><span class=\"icon icon-arrow-flat-left\"><\/span><\/a><\/li>\r\n        \r\n                    \r\n                                                                        <li><a href=\"https:\/\/veszpremikamara.hu\/api\/feeds\/page?page=1\">01<\/a><\/li>\r\n                                                                                <li><a href=\"https:\/\/veszpremikamara.hu\/api\/feeds\/page?page=2\">02<\/a><\/li>\r\n                                                                                    <li class=\"disabled\"><span>...<\/span><\/li>\r\n            \r\n                                \r\n                                                                        <li><a href=\"https:\/\/veszpremikamara.hu\/api\/feeds\/page?page=22\">22<\/a><\/li>\r\n                                                                                <li><a href=\"https:\/\/veszpremikamara.hu\/api\/feeds\/page?page=23\">23<\/a><\/li>\r\n                                                                                <li><a href=\"https:\/\/veszpremikamara.hu\/api\/feeds\/page?page=24\">24<\/a><\/li>\r\n                                                                                <li class=\"active\"><span>25<\/span><\/li>\r\n                                                                                <li><a href=\"https:\/\/veszpremikamara.hu\/api\/feeds\/page?page=26\">26<\/a><\/li>\r\n                                                                                <li><a href=\"https:\/\/veszpremikamara.hu\/api\/feeds\/page?page=27\">27<\/a><\/li>\r\n                                                                                <li><a href=\"https:\/\/veszpremikamara.hu\/api\/feeds\/page?page=28\">28<\/a><\/li>\r\n                                                                                    <li class=\"disabled\"><span>...<\/span><\/li>\r\n            \r\n                                \r\n                                                                        <li><a href=\"https:\/\/veszpremikamara.hu\/api\/feeds\/page?page=175\">175<\/a><\/li>\r\n                                                                                <li><a href=\"https:\/\/veszpremikamara.hu\/api\/feeds\/page?page=176\">176<\/a><\/li>\r\n                                                        \r\n                    <li class=\"right\"><a href=\"https:\/\/veszpremikamara.hu\/api\/feeds\/page?page=26\" rel=\"next\"><span class=\"icon icon-arrow-flat-right\"><\/span><\/a><\/li>\r\n            <\/ul>\r\n\r\n","page":"25"}