{"content":"<div class=\"row inline-row\">\r\n                <div class=\"col-md-6 inline-col feed-item\">\r\n            <div class=\"clearfix\">\r\n        <div class=\"col-xs-12 img  \">\r\n            <a  href=\"https:\/\/veszpremikamara.hu\/index.php\/hirek\/a-nav-adatkiajanlassal-segiti-az-egyeni-vallalkozok-szja-bevallasat\">\r\n                <img class=\"img-responsive img-center\" src=\"https:\/\/veszpremikamara.hu\/uploads\/feed_items\/small-nemzeti-ado-es-vamhivatal-nav-logo-vector-1-17773676926452.png\" alt=\"A NAV adatkiaj\u00e1nl\u00e1ssal seg\u00edti az egy\u00e9ni v\u00e1llalkoz\u00f3k szja-bevall\u00e1s\u00e1t\">\r\n            <\/a>\r\n        <\/div>\r\n        <div class=\"col-xs-7 info\">\r\n            <div class=\"title\"><a  href=\"https:\/\/veszpremikamara.hu\/index.php\/hirek\/a-nav-adatkiajanlassal-segiti-az-egyeni-vallalkozok-szja-bevallasat\">A NAV adatkiaj\u00e1nl\u00e1ssal seg\u00edti az egy\u00e9ni v\u00e1llalkoz\u00f3k szja-bevall\u00e1s\u00e1t<\/a><\/div>\r\n                            <ul class=\"categories\">\r\n                                            <li><a style=\"background: rgba(44,40,48,0.59); color: #ffffff\" href=\"https:\/\/veszpremikamara.hu\/index.php\/hirek\/gazdasag\">Gazdas\u00e1g<\/a><\/li>\r\n                                            <li><a style=\"background: #ff0000; color: #ffffff\" href=\"https:\/\/veszpremikamara.hu\/index.php\/hirek\/nav-hirek\">NAV h\u00edrek<\/a><\/li>\r\n                                        <li><span class=\"public-at\">2026. \u00e1prilis 28.<\/span><\/li>\r\n                <\/ul>\r\n                        <div class=\"desc\"><p style=\"text-align:justify\">2026 egyik legnagyobb \u00faj\u00edt\u00e1sa, hogy az egy\u00e9ni v\u00e1llalkoz\u00f3knak k\u00e9sz\u00edtett szja-bevall\u00e1si tervezetekbe a NAV automatikusan bet\u00f6lti a rendelkez\u00e9s\u00e9re \u00e1ll\u00f3 online sz\u00e1mla- \u00e9s p\u00e9nzt\u00e1rg\u00e9padatokat, illet\u0151leg a szocho- \u00e9s j\u00e1rul\u00e9kadatokat.&nbsp;<\/p><\/div>\r\n        <\/div>\r\n    <\/div>\r\n        <\/div>\r\n            <div class=\"col-md-6 inline-col feed-item\">\r\n            <div class=\"clearfix\">\r\n        <div class=\"col-xs-12 img  \">\r\n            <a  href=\"https:\/\/veszpremikamara.hu\/index.php\/hirek\/agazati-alapvizsga-elnoki-es-szakmai-vizsgafelugyeloi-felkeszito-forum\">\r\n                <img class=\"img-responsive img-center\" src=\"https:\/\/veszpremikamara.hu\/uploads\/feed_items\/small-20260424-1777290673052.jpg\" alt=\"\u00c1gazati alapvizsga eln\u00f6ki \u00e9s Szakmai vizsgafel\u00fcgyel\u0151i felk\u00e9sz\u00edt\u0151 f\u00f3rum\">\r\n            <\/a>\r\n        <\/div>\r\n        <div class=\"col-xs-7 info\">\r\n            <div class=\"title\"><a  href=\"https:\/\/veszpremikamara.hu\/index.php\/hirek\/agazati-alapvizsga-elnoki-es-szakmai-vizsgafelugyeloi-felkeszito-forum\">\u00c1gazati alapvizsga eln\u00f6ki \u00e9s Szakmai vizsgafel\u00fcgyel\u0151i felk\u00e9sz\u00edt\u0151 f\u00f3rum<\/a><\/div>\r\n                            <ul class=\"categories\">\r\n                                            <li><a style=\"background: #921a1d; color: #ffffff\" href=\"https:\/\/veszpremikamara.hu\/index.php\/hirek\/kamara\">Kamara<\/a><\/li>\r\n                                            <li><a style=\"background: rgba(151,75,138,0.95); color: #ffffff\" href=\"https:\/\/veszpremikamara.hu\/index.php\/hirek\/szakkepzes\">Szakk\u00e9pz\u00e9s<\/a><\/li>\r\n                                        <li><span class=\"public-at\">2026. \u00e1prilis 27.<\/span><\/li>\r\n                <\/ul>\r\n                        <div class=\"desc\"><p style=\"text-align:justify\">A Veszpr\u00e9m V\u00e1rmegyei Kereskedelmi \u00e9s Iparkamara 2026. \u00e1prilis 24-\u00e9n felk\u00e9sz\u00edt\u0151 f\u00f3rumot&nbsp;\u00e9s vizsg\u00e1t tartott&nbsp;\u00e1gazati alapvizsga eln\u00f6k\u00f6k \u00e9s szakmai vizsgafel\u00fcgyel\u0151k r\u00e9sz\u00e9re.<\/p><\/div>\r\n        <\/div>\r\n    <\/div>\r\n        <\/div>\r\n            <div class=\"col-md-6 inline-col feed-item\">\r\n            <div class=\"clearfix\">\r\n        <div class=\"col-xs-12 img  \">\r\n            <a  href=\"https:\/\/veszpremikamara.hu\/index.php\/hirek\/22-ev-az-eu-ban-22-km-veszprem-varmegyeben-nyeremenyjatek\">\r\n                <img class=\"img-responsive img-center\" src=\"https:\/\/veszpremikamara.hu\/uploads\/feed_items\/small-22-ev-22-km-fb-poszt-17772869569586.png\" alt=\"22 \u00e9v az EU-ban - 22 km Veszpr\u00e9m v\u00e1rmegy\u00e9ben - nyerem\u00e9nyj\u00e1t\u00e9k\">\r\n            <\/a>\r\n        <\/div>\r\n        <div class=\"col-xs-7 info\">\r\n            <div class=\"title\"><a  href=\"https:\/\/veszpremikamara.hu\/index.php\/hirek\/22-ev-az-eu-ban-22-km-veszprem-varmegyeben-nyeremenyjatek\">22 \u00e9v az EU-ban - 22 km Veszpr\u00e9m v\u00e1rmegy\u00e9ben - nyerem\u00e9nyj\u00e1t\u00e9k<\/a><\/div>\r\n                            <ul class=\"categories\">\r\n                                            <li><a style=\"background: rgba(51,122,183,0.95); color: #ffffff\" href=\"https:\/\/veszpremikamara.hu\/index.php\/hirek\/europe-direct\">Europe Direct<\/a><\/li>\r\n                                        <li><span class=\"public-at\">2026. \u00e1prilis 27.<\/span><\/li>\r\n                <\/ul>\r\n                        <div class=\"desc\"><p style=\"text-align:justify\">Magyarorsz\u00e1g eur\u00f3pai uni\u00f3s csatlakoz\u00e1s\u00e1nak 22 \u00e9ves \u00e9vfordul\u00f3ja alkalm\u00e1b\u00f3l az Europe Direct Veszpr\u00e9m nyerem\u00e9nyj\u00e1t\u00e9kot hirdet 2026. m\u00e1jus 1-31. k\u00f6z\u00f6tt, amelyben sportol\u00e1sra is buzd\u00edtja a r\u00e9sztvev\u0151ket.<\/p><\/div>\r\n        <\/div>\r\n    <\/div>\r\n        <\/div>\r\n            <div class=\"col-md-6 inline-col feed-item\">\r\n            <div class=\"clearfix\">\r\n        <div class=\"col-xs-12 img  \">\r\n            <a  href=\"https:\/\/veszpremikamara.hu\/index.php\/hirek\/sikerrel-zarult-az-ev-elso-kamarai-gyakorlati-oktato-kepzese\">\r\n                <img class=\"img-responsive img-center\" src=\"https:\/\/veszpremikamara.hu\/uploads\/feed_items\/small-img-7244-1777279710621.jpg\" alt=\"Sikerrel z\u00e1rult az \u00e9v els\u0151 kamarai gyakorlati oktat\u00f3 k\u00e9pz\u00e9se\">\r\n            <\/a>\r\n        <\/div>\r\n        <div class=\"col-xs-7 info\">\r\n            <div class=\"title\"><a  href=\"https:\/\/veszpremikamara.hu\/index.php\/hirek\/sikerrel-zarult-az-ev-elso-kamarai-gyakorlati-oktato-kepzese\">Sikerrel z\u00e1rult az \u00e9v els\u0151 kamarai gyakorlati oktat\u00f3 k\u00e9pz\u00e9se<\/a><\/div>\r\n                            <ul class=\"categories\">\r\n                                            <li><a style=\"background: #921a1d; color: #ffffff\" href=\"https:\/\/veszpremikamara.hu\/index.php\/hirek\/kamara\">Kamara<\/a><\/li>\r\n                                            <li><a style=\"background: rgba(151,75,138,0.95); color: #ffffff\" href=\"https:\/\/veszpremikamara.hu\/index.php\/hirek\/szakkepzes\">Szakk\u00e9pz\u00e9s<\/a><\/li>\r\n                                        <li><span class=\"public-at\">2026. \u00e1prilis 27.<\/span><\/li>\r\n                <\/ul>\r\n                        <div class=\"desc\"><p style=\"text-align:justify\">Az \u00e9v els\u0151 kamarai gyakorlati oktat\u00f3 k\u00e9pz\u00e9se sikeresen z\u00e1rult, a r\u00e9sztvev\u0151k a vizsg\u00e1n felk\u00e9sz\u00fclten \u00e9s magabiztosan adtak sz\u00e1mot tud\u00e1sukr\u00f3l. A k\u00e9pz\u00e9s sor\u00e1n megszerzett ismeretek \u00e9s k\u00e9szs\u00e9gek biztos alapot jelentenek sz\u00e1mukra a du\u00e1lis k\u00e9pz\u00e9sben bet\u00f6lt\u00f6tt szerep\u00fckh\u00f6z.<\/p><\/div>\r\n        <\/div>\r\n    <\/div>\r\n        <\/div>\r\n            <div class=\"col-md-6 inline-col feed-item\">\r\n            <div class=\"clearfix\">\r\n        <div class=\"col-xs-12 img  \">\r\n            <a  href=\"https:\/\/veszpremikamara.hu\/index.php\/hirek\/bizalomepites-es-atlathato-allami-mukodes-ezermilliardos-mozgaster-a-vallalkozasoknak\">\r\n                <img class=\"img-responsive img-center\" src=\"https:\/\/veszpremikamara.hu\/uploads\/feed_items\/small-working-1920-17773679687832.png\" alt=\"Bizalom\u00e9p\u00edt\u00e9s \u00e9s \u00e1tl\u00e1that\u00f3 \u00e1llami m\u0171k\u00f6d\u00e9s: ezermilli\u00e1rdos mozg\u00e1st\u00e9r a v\u00e1llalkoz\u00e1soknak\">\r\n            <\/a>\r\n        <\/div>\r\n        <div class=\"col-xs-7 info\">\r\n            <div class=\"title\"><a  href=\"https:\/\/veszpremikamara.hu\/index.php\/hirek\/bizalomepites-es-atlathato-allami-mukodes-ezermilliardos-mozgaster-a-vallalkozasoknak\">Bizalom\u00e9p\u00edt\u00e9s \u00e9s \u00e1tl\u00e1that\u00f3 \u00e1llami m\u0171k\u00f6d\u00e9s: ezermilli\u00e1rdos mozg\u00e1st\u00e9r a v\u00e1llalkoz\u00e1soknak<\/a><\/div>\r\n                            <ul class=\"categories\">\r\n                                            <li><a style=\"background: rgba(44,40,48,0.59); color: #ffffff\" href=\"https:\/\/veszpremikamara.hu\/index.php\/hirek\/gazdasag\">Gazdas\u00e1g<\/a><\/li>\r\n                                        <li><span class=\"public-at\">2026. \u00e1prilis 27.<\/span><\/li>\r\n                <\/ul>\r\n                        <div class=\"desc\"><p style=\"text-align:justify\">Az \u00e1llami bizalom\u00e9p\u00edt\u00e9s mostant\u00f3l nem elvont t\u00e9ma, hanem nagyon is gyakorlati k\u00e9rd\u00e9s a v\u00e1llalkoz\u00e1sok sz\u00e1m\u00e1ra.<\/p><\/div>\r\n        <\/div>\r\n    <\/div>\r\n        <\/div>\r\n            <div class=\"col-md-6 inline-col feed-item\">\r\n            <div class=\"clearfix\">\r\n        <div class=\"col-xs-12 img  \">\r\n            <a  href=\"https:\/\/veszpremikamara.hu\/index.php\/hirek\/egyuttmukodesi-megallapodast-kotott-a-ppke-es-az-sztnh\">\r\n                <img class=\"img-responsive img-center\" src=\"https:\/\/veszpremikamara.hu\/uploads\/feed_items\/small-handshake-1920-17770245665438.jpg\" alt=\"Egy\u00fcttm\u0171k\u00f6d\u00e9si meg\u00e1llapod\u00e1st k\u00f6t\u00f6tt a PPKE \u00e9s az SZTNH\">\r\n            <\/a>\r\n        <\/div>\r\n        <div class=\"col-xs-7 info\">\r\n            <div class=\"title\"><a  href=\"https:\/\/veszpremikamara.hu\/index.php\/hirek\/egyuttmukodesi-megallapodast-kotott-a-ppke-es-az-sztnh\">Egy\u00fcttm\u0171k\u00f6d\u00e9si meg\u00e1llapod\u00e1st k\u00f6t\u00f6tt a PPKE \u00e9s az SZTNH<\/a><\/div>\r\n                            <ul class=\"categories\">\r\n                                            <li><a style=\"background: rgba(44,40,48,0.59); color: #ffffff\" href=\"https:\/\/veszpremikamara.hu\/index.php\/hirek\/gazdasag\">Gazdas\u00e1g<\/a><\/li>\r\n                                        <li><span class=\"public-at\">2026. \u00e1prilis 24.<\/span><\/li>\r\n                <\/ul>\r\n                        <div class=\"desc\"><p style=\"text-align:justify\">A P\u00e1zm\u00e1ny P\u00e9ter Katolikus Egyetem (PPKE) \u00e9s a Szellemi Tulajdon Nemzeti Hivatala (SZTNH) 5 \u00e9vre sz\u00f3l\u00f3&nbsp;<a href=\"https:\/\/ppke.hu\/kiemelt\/egyuttmukodesi-megallapodast-kotott-a-pazmany-peter-katolikus-egyetem-es-a-szellemi-tulajdon-nemzeti-hivatala\" target=\"_blank\">egy\u00fcttm\u0171k\u00f6d\u00e9si keretmeg\u00e1llapod\u00e1st k\u00f6t\u00f6tt<\/a>, melynek c\u00e9ljai k\u00f6z\u00f6tt szerepel a szellemi tulajdon v\u00e9delm\u00e9nek, illetve a kutat\u00e1s-fejleszt\u00e9si \u00e9s innov\u00e1ci\u00f3s tev\u00e9kenys\u00e9gek t\u00e1mogat\u00e1sa, kiemelt figyelmet ford\u00edtva a mesters\u00e9ges intelligencia alkalmaz\u00e1s\u00e1ra.<\/p><\/div>\r\n        <\/div>\r\n    <\/div>\r\n        <\/div>\r\n            <div class=\"col-md-6 inline-col feed-item\">\r\n            <div class=\"clearfix\">\r\n        <div class=\"col-xs-12 img  \">\r\n            <a  href=\"https:\/\/veszpremikamara.hu\/index.php\/hirek\/gyaszhir-elhunyt-henger-karoly-kamarank-korabbi-elnoke\">\r\n                <img class=\"img-responsive img-center\" src=\"https:\/\/veszpremikamara.hu\/uploads\/feed_items\/small-henger-karoly-gy-17769448615793.jpg\" alt=\"GY\u00c1SZH\u00cdR: Elhunyt Henger K\u00e1roly, kamar\u00e1nk kor\u00e1bbi eln\u00f6ke\">\r\n            <\/a>\r\n        <\/div>\r\n        <div class=\"col-xs-7 info\">\r\n            <div class=\"title\"><a  href=\"https:\/\/veszpremikamara.hu\/index.php\/hirek\/gyaszhir-elhunyt-henger-karoly-kamarank-korabbi-elnoke\">GY\u00c1SZH\u00cdR: Elhunyt Henger K\u00e1roly, kamar\u00e1nk kor\u00e1bbi eln\u00f6ke<\/a><\/div>\r\n                            <ul class=\"categories\">\r\n                                            <li><a style=\"background: #921a1d; color: #ffffff\" href=\"https:\/\/veszpremikamara.hu\/index.php\/hirek\/kamara\">Kamara<\/a><\/li>\r\n                                        <li><span class=\"public-at\">2026. \u00e1prilis 23.<\/span><\/li>\r\n                <\/ul>\r\n                        <div class=\"desc\"><p style=\"text-align:justify\">M\u00e9ly f\u00e1jdalommal tudatjuk, hogy elhunyt Henger K\u00e1roly,&nbsp;a Veszpr\u00e9m V\u00e1rmegyei Kereskedelmi \u00e9s Iparkamara kor\u00e1bbi eln\u00f6ke.<\/p><\/div>\r\n        <\/div>\r\n    <\/div>\r\n        <\/div>\r\n            <div class=\"col-md-6 inline-col feed-item\">\r\n            <div class=\"clearfix\">\r\n        <div class=\"col-xs-12 img  \">\r\n            <a  href=\"https:\/\/veszpremikamara.hu\/index.php\/hirek\/civil-szervezetek-tiltakoznak-az-eu-ai-szabalyozasanak-gyengitese-ellen\">\r\n                <img class=\"img-responsive img-center\" src=\"https:\/\/veszpremikamara.hu\/uploads\/feed_items\/small-depositphotos-l-17770244060779.jpg\" alt=\"Civil szervezetek tiltakoznak az EU AI-szab\u00e1lyoz\u00e1s\u00e1nak gyeng\u00edt\u00e9se ellen\">\r\n            <\/a>\r\n        <\/div>\r\n        <div class=\"col-xs-7 info\">\r\n            <div class=\"title\"><a  href=\"https:\/\/veszpremikamara.hu\/index.php\/hirek\/civil-szervezetek-tiltakoznak-az-eu-ai-szabalyozasanak-gyengitese-ellen\">Civil szervezetek tiltakoznak az EU AI-szab\u00e1lyoz\u00e1s\u00e1nak gyeng\u00edt\u00e9se ellen<\/a><\/div>\r\n                            <ul class=\"categories\">\r\n                                            <li><a style=\"background: rgba(44,40,48,0.59); color: #ffffff\" href=\"https:\/\/veszpremikamara.hu\/index.php\/hirek\/gazdasag\">Gazdas\u00e1g<\/a><\/li>\r\n                                        <li><span class=\"public-at\">2026. \u00e1prilis 23.<\/span><\/li>\r\n                <\/ul>\r\n                        <div class=\"desc\"><p style=\"text-align:justify\">T\u00f6bb tucat eur\u00f3pai civil szervezet \u00e9s szak\u00e9rt\u0151 \u2013&nbsp;<a href=\"https:\/\/k.blog.hu\/\" target=\"_blank\">k\u00f6zt\u00fck a K\u2011Monitor<\/a>&nbsp;\u2013&nbsp;<a href=\"https:\/\/edri.org\/wp-content\/uploads\/2026\/04\/Open-Letter-Safeguard-AI-Act.pdf\" target=\"_blank\">ny\u00edlt lev\u00e9lben fordult az Eur\u00f3pai Uni\u00f3 d\u00f6nt\u00e9shoz\u00f3ihoz<\/a>, amelyben az \u00fagynevezett&nbsp;<a href=\"https:\/\/digital-strategy.ec.europa.eu\/en\/library\/digital-omnibus-ai-regulation-proposal\" target=\"_blank\">\u201eDigit\u00e1lis Omnibusz\u201d (Digital Omnibus)<\/a>&nbsp;csomag elutas\u00edt\u00e1s\u00e1t k\u00e9rik.&nbsp;<\/p><\/div>\r\n        <\/div>\r\n    <\/div>\r\n        <\/div>\r\n    <\/div>\r\n\r\n<ul class=\"pagination\">\r\n                    <li class=\"left\"><a href=\"https:\/\/veszpremikamara.hu\/index.php\/api\/feeds\/page?page=1\" rel=\"prev\"><span class=\"icon icon-arrow-flat-left\"><\/span><\/a><\/li>\r\n        \r\n                    \r\n                                                                        <li><a href=\"https:\/\/veszpremikamara.hu\/index.php\/api\/feeds\/page?page=1\">01<\/a><\/li>\r\n                                                                                <li class=\"active\"><span>02<\/span><\/li>\r\n                                                                                <li><a href=\"https:\/\/veszpremikamara.hu\/index.php\/api\/feeds\/page?page=3\">03<\/a><\/li>\r\n                                                                                <li><a href=\"https:\/\/veszpremikamara.hu\/index.php\/api\/feeds\/page?page=4\">04<\/a><\/li>\r\n                                                                                <li><a href=\"https:\/\/veszpremikamara.hu\/index.php\/api\/feeds\/page?page=5\">05<\/a><\/li>\r\n                                                                                <li><a href=\"https:\/\/veszpremikamara.hu\/index.php\/api\/feeds\/page?page=6\">06<\/a><\/li>\r\n                                                                                <li><a href=\"https:\/\/veszpremikamara.hu\/index.php\/api\/feeds\/page?page=7\">07<\/a><\/li>\r\n                                                                                <li><a href=\"https:\/\/veszpremikamara.hu\/index.php\/api\/feeds\/page?page=8\">08<\/a><\/li>\r\n                                                                                    <li class=\"disabled\"><span>...<\/span><\/li>\r\n            \r\n                                \r\n                                                                        <li><a href=\"https:\/\/veszpremikamara.hu\/index.php\/api\/feeds\/page?page=175\">175<\/a><\/li>\r\n                                                                                <li><a href=\"https:\/\/veszpremikamara.hu\/index.php\/api\/feeds\/page?page=176\">176<\/a><\/li>\r\n                                                        \r\n                    <li class=\"right\"><a href=\"https:\/\/veszpremikamara.hu\/index.php\/api\/feeds\/page?page=3\" rel=\"next\"><span class=\"icon icon-arrow-flat-right\"><\/span><\/a><\/li>\r\n            <\/ul>\r\n\r\n","page":"2"}