{"content":"<div class=\"row inline-row\">\r\n                <div class=\"col-md-6 inline-col feed-item\">\r\n            <div class=\"clearfix\">\r\n        <div class=\"col-xs-12 img  \">\r\n            <a  href=\"https:\/\/veszpremikamara.hu\/index.php\/hirek\/ipar-40-bemutato-kamion-orszagjaro-program-a-kkv-k-szamara\">\r\n                <img class=\"img-responsive img-center\" src=\"https:\/\/veszpremikamara.hu\/uploads\/feed_items\/small-img-0159-17639720028148.jpeg\" alt=\"Ipar 4.0 Bemutat\u00f3 Kamion orsz\u00e1gj\u00e1r\u00f3 program a KKV-k sz\u00e1m\u00e1ra\">\r\n            <\/a>\r\n        <\/div>\r\n        <div class=\"col-xs-7 info\">\r\n            <div class=\"title\"><a  href=\"https:\/\/veszpremikamara.hu\/index.php\/hirek\/ipar-40-bemutato-kamion-orszagjaro-program-a-kkv-k-szamara\">Ipar 4.0 Bemutat\u00f3 Kamion orsz\u00e1gj\u00e1r\u00f3 program a KKV-k sz\u00e1m\u00e1ra<\/a><\/div>\r\n                            <ul class=\"categories\">\r\n                                            <li><a style=\"background: #921a1d; color: #ffffff\" href=\"https:\/\/veszpremikamara.hu\/index.php\/hirek\/kamara\">Kamara<\/a><\/li>\r\n                                            <li><a style=\"background: rgba(44,40,48,0.59); color: #ffffff\" href=\"https:\/\/veszpremikamara.hu\/index.php\/hirek\/innovacio\">Innov\u00e1ci\u00f3<\/a><\/li>\r\n                                        <li><span class=\"public-at\">2025. november 18.<\/span><\/li>\r\n                <\/ul>\r\n                        <div class=\"desc\"><p style=\"text-align:justify\">A&nbsp;<strong>Nemzetgazdas\u00e1gi Miniszt\u00e9rium<\/strong>&nbsp;\u00e9s a&nbsp;<strong>Neumann Technol\u00f3giai Platform<\/strong>&nbsp;orsz\u00e1gj\u00e1r\u00f3 szakmai programot ind\u00edt, amelynek k\u00f6z\u00e9ppontj\u00e1ban az&nbsp;<strong>Ipar 4.0 technol\u00f3gi\u00e1kat ismertet\u0151 Bemutat\u00f3kamion<\/strong>&nbsp;\u00e1ll. A modern, mobil technol\u00f3giai ki\u00e1ll\u00edt\u00f3t\u00e9r c\u00e9lja, hogy&nbsp;<strong>testk\u00f6zelb\u0151l, gyakorlati p\u00e9ld\u00e1kon<\/strong>&nbsp;kereszt\u00fcl mutassa be a leg\u00fajabb digitaliz\u00e1ci\u00f3s \u00e9s automatiz\u00e1ci\u00f3s megold\u00e1sokat a hazai v\u00e1llalkoz\u00e1soknak.<\/p><\/div>\r\n        <\/div>\r\n    <\/div>\r\n        <\/div>\r\n            <div class=\"col-md-6 inline-col feed-item\">\r\n            <div class=\"clearfix\">\r\n        <div class=\"col-xs-12 img  \">\r\n            <a  href=\"https:\/\/veszpremikamara.hu\/index.php\/hirek\/ertekesitesi-elmeny-es-tudatos-kommunikacio-sikerrel-zarult-a-veszprem-varmegyei-kereskedelmi-es-iparkamara-ertekesitesi-treningje\">\r\n                <img class=\"img-responsive img-center\" src=\"https:\/\/veszpremikamara.hu\/uploads\/feed_items\/small-20251107-1763114559818.jpg\" alt=\"\u00c9rt\u00e9kes\u00edt\u00e9si \u00e9lm\u00e9ny \u00e9s tudatos kommunik\u00e1ci\u00f3 \u2013 sikerrel z\u00e1rult a Veszpr\u00e9m V\u00e1rmegyei Kereskedelmi \u00e9s Iparkamara \u00e9rt\u00e9kes\u00edt\u00e9si tr\u00e9ningje\">\r\n            <\/a>\r\n        <\/div>\r\n        <div class=\"col-xs-7 info\">\r\n            <div class=\"title\"><a  href=\"https:\/\/veszpremikamara.hu\/index.php\/hirek\/ertekesitesi-elmeny-es-tudatos-kommunikacio-sikerrel-zarult-a-veszprem-varmegyei-kereskedelmi-es-iparkamara-ertekesitesi-treningje\">\u00c9rt\u00e9kes\u00edt\u00e9si \u00e9lm\u00e9ny \u00e9s tudatos kommunik\u00e1ci\u00f3 \u2013 sikerrel z\u00e1rult a Veszpr\u00e9m V\u00e1rmegyei Kereskedelmi \u00e9s Iparkamara \u00e9rt\u00e9kes\u00edt\u00e9si tr\u00e9ningje<\/a><\/div>\r\n                            <ul class=\"categories\">\r\n                                            <li><a style=\"background: rgba(232,136,43,0.95); color: #ffffff\" href=\"https:\/\/veszpremikamara.hu\/index.php\/hirek\/gazdasagfejlesztes\">Gazdas\u00e1gfejleszt\u00e9s<\/a><\/li>\r\n                                        <li><span class=\"public-at\">2025. november 14.<\/span><\/li>\r\n                <\/ul>\r\n                        <div class=\"desc\"><p style=\"text-align:justify\">A Veszpr\u00e9m V\u00e1rmegyei Kereskedelmi \u00e9s Iparkamara \u00e9s a BENT Szakmai K\u00f6z\u00f6ss\u00e9g szervez\u00e9s\u00e9ben&nbsp;k\u00e9t r\u00e9szb\u0151l \u00e1ll\u00f3 \u00e9rt\u00e9kes\u00edt\u00e9si tr\u00e9ning val\u00f3sult meg, amely sor\u00e1n a r\u00e9sztvev\u0151k \u00e1tfog\u00f3 k\u00e9pet kaptak a modern \u00e9rt\u00e9kes\u00edt\u00e9s emberi \u00e9s szakmai oldal\u00e1r\u00f3l.<\/p><\/div>\r\n        <\/div>\r\n    <\/div>\r\n        <\/div>\r\n            <div class=\"col-md-6 inline-col feed-item\">\r\n            <div class=\"clearfix\">\r\n        <div class=\"col-xs-12 img  \">\r\n            <a  href=\"https:\/\/veszpremikamara.hu\/index.php\/hirek\/konzultacio-a-varosi-buszkozlekedesrol-a-v-busz-es-a-veszpremi-ipari-cegek-egyeztettek\">\r\n                <img class=\"img-responsive img-center\" src=\"https:\/\/veszpremikamara.hu\/uploads\/feed_items\/small-20251113-17630495393797.jpg\" alt=\"Konzult\u00e1ci\u00f3 a v\u00e1rosi buszk\u00f6zleked\u00e9sr\u0151l \u2013 A V-Busz \u00e9s a veszpr\u00e9mi ipari c\u00e9gek egyeztettek\">\r\n            <\/a>\r\n        <\/div>\r\n        <div class=\"col-xs-7 info\">\r\n            <div class=\"title\"><a  href=\"https:\/\/veszpremikamara.hu\/index.php\/hirek\/konzultacio-a-varosi-buszkozlekedesrol-a-v-busz-es-a-veszpremi-ipari-cegek-egyeztettek\">Konzult\u00e1ci\u00f3 a v\u00e1rosi buszk\u00f6zleked\u00e9sr\u0151l \u2013 A V-Busz \u00e9s a veszpr\u00e9mi ipari c\u00e9gek egyeztettek<\/a><\/div>\r\n                            <ul class=\"categories\">\r\n                                            <li><a style=\"background: rgba(232,136,43,0.95); color: #ffffff\" href=\"https:\/\/veszpremikamara.hu\/index.php\/hirek\/gazdasagfejlesztes\">Gazdas\u00e1gfejleszt\u00e9s<\/a><\/li>\r\n                                        <li><span class=\"public-at\">2025. november 13.<\/span><\/li>\r\n                <\/ul>\r\n                        <div class=\"desc\"><p style=\"text-align:justify\">2025. november 13-\u00e1n a V-Busz Kft. \u00e9s a&nbsp;veszpr\u00e9mi ipari v\u00e1llalat k\u00e9pvisel\u0151i konzult\u00e1ci\u00f3n vettek r\u00e9szt a Veszpr\u00e9m V\u00e1rmegyei Kereskedelmi \u00e9s Iparkamara szervez\u00e9s\u00e9ben annak \u00e9rdek\u00e9ben, hogy&nbsp;a v\u00e1rosi buszk\u00f6zleked\u00e9s menetrendje jobban igazodjon a helyi nagyv\u00e1llalatok munkarendj\u00e9hez, ezzel megk\u00f6nny\u00edtve a munkav\u00e1llal\u00f3k napi k\u00f6zleked\u00e9s\u00e9t.<\/p><\/div>\r\n        <\/div>\r\n    <\/div>\r\n        <\/div>\r\n            <div class=\"col-md-6 inline-col feed-item\">\r\n            <div class=\"clearfix\">\r\n        <div class=\"col-xs-12 img  \">\r\n            <a  href=\"https:\/\/veszpremikamara.hu\/index.php\/hirek\/a-keso-afabevallasok-okait-keresi-a-nav\">\r\n                <img class=\"img-responsive img-center\" src=\"https:\/\/veszpremikamara.hu\/uploads\/feed_items\/small-nevtelen-terv-2-17630230386727.png\" alt=\"A k\u00e9s\u0151 \u00e1fabevall\u00e1sok okait keresi a NAV\">\r\n            <\/a>\r\n        <\/div>\r\n        <div class=\"col-xs-7 info\">\r\n            <div class=\"title\"><a  href=\"https:\/\/veszpremikamara.hu\/index.php\/hirek\/a-keso-afabevallasok-okait-keresi-a-nav\">A k\u00e9s\u0151 \u00e1fabevall\u00e1sok okait keresi a NAV<\/a><\/div>\r\n                            <ul class=\"categories\">\r\n                                            <li><a style=\"background: rgba(44,40,48,0.59); color: #ffffff\" href=\"https:\/\/veszpremikamara.hu\/index.php\/hirek\/gazdasag\">Gazdas\u00e1g<\/a><\/li>\r\n                                            <li><a style=\"background: #ff0000; color: #ffffff\" href=\"https:\/\/veszpremikamara.hu\/index.php\/hirek\/nav-hirek\">NAV h\u00edrek<\/a><\/li>\r\n                                        <li><span class=\"public-at\">2025. november 13.<\/span><\/li>\r\n                <\/ul>\r\n                        <div class=\"desc\"><p style=\"text-align:justify\">A Nemzeti Ad\u00f3- \u00e9s V\u00e1mhivatal (NAV) levelet k\u00fcld azoknak az ad\u00f3z\u00f3knak, akik havi vagy negyed\u00e9ves \u00e1fabevall\u00e1sukat a t\u00f6rv\u00e9nyi hat\u00e1rid\u0151 ut\u00e1n ny\u00fajtott\u00e1k be. A hivatal c\u00e9lja, hogy tiszt\u00e1zza a k\u00e9sedelem ok\u00e1t, \u00e9s seg\u00edtsen az ad\u00f3z\u00f3knak a hat\u00e1rid\u0151-cs\u00fasz\u00e1sok elker\u00fcl\u00e9s\u00e9ben, az ad\u00f3 pontos bevall\u00e1s\u00e1ban \u00e9s befizet\u00e9s\u00e9ben.<\/p><\/div>\r\n        <\/div>\r\n    <\/div>\r\n        <\/div>\r\n            <div class=\"col-md-6 inline-col feed-item\">\r\n            <div class=\"clearfix\">\r\n        <div class=\"col-xs-12 img  \">\r\n            <a  href=\"https:\/\/veszpremikamara.hu\/index.php\/hirek\/online-kollaboracio-e-learning-tananyag-kkv-k-szamara\">\r\n                <img class=\"img-responsive img-center\" src=\"https:\/\/veszpremikamara.hu\/uploads\/feed_items\/small-onlinekollab-17629462127278.png\" alt=\"Online kollabor\u00e1ci\u00f3: e-learning tananyag KKV-k sz\u00e1m\u00e1ra\">\r\n            <\/a>\r\n        <\/div>\r\n        <div class=\"col-xs-7 info\">\r\n            <div class=\"title\"><a  href=\"https:\/\/veszpremikamara.hu\/index.php\/hirek\/online-kollaboracio-e-learning-tananyag-kkv-k-szamara\">Online kollabor\u00e1ci\u00f3: e-learning tananyag KKV-k sz\u00e1m\u00e1ra<\/a><\/div>\r\n                            <ul class=\"categories\">\r\n                                            <li><a style=\"background: #921a1d; color: #ffffff\" href=\"https:\/\/veszpremikamara.hu\/index.php\/hirek\/kamara\">Kamara<\/a><\/li>\r\n                                            <li><a style=\"background: rgba(232,136,43,0.95); color: #ffffff\" href=\"https:\/\/veszpremikamara.hu\/index.php\/hirek\/gazdasagfejlesztes\">Gazdas\u00e1gfejleszt\u00e9s<\/a><\/li>\r\n                                        <li><span class=\"public-at\">2025. november 12.<\/span><\/li>\r\n                <\/ul>\r\n                        <div class=\"desc\"><p style=\"text-align:justify\">A kkv-k digit\u00e1lis k\u00e9szs\u00e9gfejleszt\u00e9s\u00e9t c\u00e9lz\u00f3&nbsp;<em>VETech<\/em>&nbsp;Erasmus+ projekt keret\u00e9ben elk\u00e9sz\u00fclt a kamara k\u00f6vetkez\u0151, online, ingyenesen el\u00e9rhet\u0151 tananyaga, amely gyakorlati \u00fatmutat\u00f3t&nbsp;k\u00edn\u00e1l a Google szolg\u00e1ltat\u00e1sok hat\u00e9kony haszn\u00e1lat\u00e1hoz, ezzel seg\u00edtve a v\u00e1llalkoz\u00e1sok mindennapi m\u0171k\u00f6d\u00e9s\u00e9t \u00e9s digitaliz\u00e1ci\u00f3s fejl\u0151d\u00e9s\u00e9t.<\/p><\/div>\r\n        <\/div>\r\n    <\/div>\r\n        <\/div>\r\n            <div class=\"col-md-6 inline-col feed-item\">\r\n            <div class=\"clearfix\">\r\n        <div class=\"col-xs-12 img  \">\r\n            <a  href=\"https:\/\/veszpremikamara.hu\/index.php\/hirek\/legfrissebb-unios-palyazati-lehetosegek\">\r\n                <img class=\"img-responsive img-center\" src=\"https:\/\/veszpremikamara.hu\/uploads\/feed_items\/small-mfoi-cover-17627854771001.jpg\" alt=\"Legfrissebb uni\u00f3s p\u00e1ly\u00e1zati lehet\u0151s\u00e9gek\">\r\n            <\/a>\r\n        <\/div>\r\n        <div class=\"col-xs-7 info\">\r\n            <div class=\"title\"><a  href=\"https:\/\/veszpremikamara.hu\/index.php\/hirek\/legfrissebb-unios-palyazati-lehetosegek\">Legfrissebb uni\u00f3s p\u00e1ly\u00e1zati lehet\u0151s\u00e9gek<\/a><\/div>\r\n                            <ul class=\"categories\">\r\n                                            <li><a style=\"background: rgba(232,136,43,0.95); color: #ffffff\" href=\"https:\/\/veszpremikamara.hu\/index.php\/hirek\/gazdasagfejlesztes\">Gazdas\u00e1gfejleszt\u00e9s<\/a><\/li>\r\n                                            <li><a style=\"background: #921a1d; color: #ffffff\" href=\"https:\/\/veszpremikamara.hu\/index.php\/hirek\/palyazat\">P\u00e1ly\u00e1zat<\/a><\/li>\r\n                                        <li><span class=\"public-at\">2025. november 10.<\/span><\/li>\r\n                <\/ul>\r\n                        <div class=\"desc\"><p style=\"text-align:justify\">A v\u00e1llalkoz\u00e1soknak sz\u00f3l\u00f3&nbsp;uni\u00f3s&nbsp;p\u00e1ly\u00e1zati k\u00edn\u00e1lat megtal\u00e1lhat\u00f3 az&nbsp;<a href=\"https:\/\/ec.europa.eu\/info\/funding-tenders\/opportunities\/portal\/screen\/home\" target=\"_blank\">EU Funding &amp; Tenders<\/a>&nbsp;port\u00e1lon,&nbsp;azonban a Magyar Fejleszt\u00e9s\u00f6szt\u00f6nz\u0151 Iroda (MFOI) id\u0151r\u0151l id\u0151re \u00f6sszegy\u0171jti a legfrissebb, legrelev\u00e1nsabb k\u00f6zvetlen uni\u00f3s p\u00e1ly\u00e1zati felh\u00edv\u00e1sokat, amelyek <a href=\"https:\/\/mailchi.mp\/e2d95a65f900\/nkormnyzati-hrlevl-j-plyzati-felhvs-6424348?e=1b9495ab0a\" target=\"_blank\">ide kattintva<\/a> el\u00e9rhet\u0151k.<\/p><\/div>\r\n        <\/div>\r\n    <\/div>\r\n        <\/div>\r\n            <div class=\"col-md-6 inline-col feed-item\">\r\n            <div class=\"clearfix\">\r\n        <div class=\"col-xs-12 img  \">\r\n            <a  href=\"https:\/\/veszpremikamara.hu\/index.php\/hirek\/a-technologia-es-az-innovacio-ejszakaja-modern-gyarak-veszprem-varmegyeben\">\r\n                <img class=\"img-responsive img-center\" src=\"https:\/\/veszpremikamara.hu\/uploads\/feed_items\/small-modern-gy-17627858466572.jpg\" alt=\"A technol\u00f3gia \u00e9s az innov\u00e1ci\u00f3 \u00e9jszak\u00e1ja \u2013 Modern gy\u00e1rak Veszpr\u00e9m v\u00e1rmegy\u00e9ben\">\r\n            <\/a>\r\n        <\/div>\r\n        <div class=\"col-xs-7 info\">\r\n            <div class=\"title\"><a  href=\"https:\/\/veszpremikamara.hu\/index.php\/hirek\/a-technologia-es-az-innovacio-ejszakaja-modern-gyarak-veszprem-varmegyeben\">A technol\u00f3gia \u00e9s az innov\u00e1ci\u00f3 \u00e9jszak\u00e1ja \u2013 Modern gy\u00e1rak Veszpr\u00e9m v\u00e1rmegy\u00e9ben<\/a><\/div>\r\n                            <ul class=\"categories\">\r\n                                            <li><a style=\"background: rgba(151,75,138,0.95); color: #ffffff\" href=\"https:\/\/veszpremikamara.hu\/index.php\/hirek\/szakkepzes\">Szakk\u00e9pz\u00e9s<\/a><\/li>\r\n                                        <li><span class=\"public-at\">2025. november 10.<\/span><\/li>\r\n                <\/ul>\r\n                        <div class=\"desc\"><p style=\"text-align:justify\">A h\u00e9tv\u00e9g\u00e9n ism\u00e9t megny\u00edlnak Magyarorsz\u00e1g legmodernebb \u00fczemei a Modern gy\u00e1rak \u00e9jszak\u00e1ja programsorozat keret\u00e9ben.<\/p><\/div>\r\n        <\/div>\r\n    <\/div>\r\n        <\/div>\r\n            <div class=\"col-md-6 inline-col feed-item\">\r\n            <div class=\"clearfix\">\r\n        <div class=\"col-xs-12 img  \">\r\n            <a  href=\"https:\/\/veszpremikamara.hu\/index.php\/hirek\/uzleti-reggeli-sumegen-kozeppontban-a-tersegi-gazdasagfejlesztes-es-az-egyuttmukodesek\">\r\n                <img class=\"img-responsive img-center\" src=\"https:\/\/veszpremikamara.hu\/uploads\/feed_items\/small-ba0b47220dff17dd1574bf637c2e9034-17625072320657.jpg\" alt=\"\u201e\u00dczleti reggeli S\u00fcmegen: k\u00f6z\u00e9ppontban a t\u00e9rs\u00e9gi gazdas\u00e1gfejleszt\u00e9s \u00e9s az egy\u00fcttm\u0171k\u00f6d\u00e9sek\u201d\">\r\n            <\/a>\r\n        <\/div>\r\n        <div class=\"col-xs-7 info\">\r\n            <div class=\"title\"><a  href=\"https:\/\/veszpremikamara.hu\/index.php\/hirek\/uzleti-reggeli-sumegen-kozeppontban-a-tersegi-gazdasagfejlesztes-es-az-egyuttmukodesek\">\u201e\u00dczleti reggeli S\u00fcmegen: k\u00f6z\u00e9ppontban a t\u00e9rs\u00e9gi gazdas\u00e1gfejleszt\u00e9s \u00e9s az egy\u00fcttm\u0171k\u00f6d\u00e9sek\u201d<\/a><\/div>\r\n                            <ul class=\"categories\">\r\n                                            <li><a style=\"background: rgba(232,136,43,0.95); color: #ffffff\" href=\"https:\/\/veszpremikamara.hu\/index.php\/hirek\/gazdasagfejlesztes\">Gazdas\u00e1gfejleszt\u00e9s<\/a><\/li>\r\n                                        <li><span class=\"public-at\">2025. november 07.<\/span><\/li>\r\n                <\/ul>\r\n                        <div class=\"desc\"><p style=\"text-align:justify\">2025. november 7-\u00e9n a Veszpr\u00e9m V\u00e1rmegyei Kereskedelmi \u00e9s Iparkamara S\u00fcmeg V\u00e1ros \u00d6nkorm\u00e1nyzat\u00e1val k\u00f6z\u00f6sen \u00fczleti reggelit tartott S\u00fcmegen, melynek&nbsp;c\u00e9lja a t\u00e9rs\u00e9g v\u00e1llalkoz\u00e1sai k\u00f6z\u00f6tti kapcsolat\u00e9p\u00edt\u00e9s, az aktu\u00e1lis gazdas\u00e1gi kih\u00edv\u00e1sok \u00e9s fejleszt\u00e9si lehet\u0151s\u00e9gek megvitat\u00e1sa, valamint egy\u00fcttm\u0171k\u00f6d\u00e9sek \u00f6szt\u00f6nz\u00e9se volt.<\/p><\/div>\r\n        <\/div>\r\n    <\/div>\r\n        <\/div>\r\n    <\/div>\r\n\r\n<ul class=\"pagination\">\r\n                    <li class=\"left\"><a href=\"https:\/\/veszpremikamara.hu\/index.php\/api\/feeds\/page?page=23\" rel=\"prev\"><span class=\"icon icon-arrow-flat-left\"><\/span><\/a><\/li>\r\n        \r\n                    \r\n                                                                        <li><a href=\"https:\/\/veszpremikamara.hu\/index.php\/api\/feeds\/page?page=1\">01<\/a><\/li>\r\n                                                                                <li><a href=\"https:\/\/veszpremikamara.hu\/index.php\/api\/feeds\/page?page=2\">02<\/a><\/li>\r\n                                                                                    <li class=\"disabled\"><span>...<\/span><\/li>\r\n            \r\n                                \r\n                                                                        <li><a href=\"https:\/\/veszpremikamara.hu\/index.php\/api\/feeds\/page?page=21\">21<\/a><\/li>\r\n                                                                                <li><a href=\"https:\/\/veszpremikamara.hu\/index.php\/api\/feeds\/page?page=22\">22<\/a><\/li>\r\n                                                                                <li><a href=\"https:\/\/veszpremikamara.hu\/index.php\/api\/feeds\/page?page=23\">23<\/a><\/li>\r\n                                                                                <li class=\"active\"><span>24<\/span><\/li>\r\n                                                                                <li><a href=\"https:\/\/veszpremikamara.hu\/index.php\/api\/feeds\/page?page=25\">25<\/a><\/li>\r\n                                                                                <li><a href=\"https:\/\/veszpremikamara.hu\/index.php\/api\/feeds\/page?page=26\">26<\/a><\/li>\r\n                                                                                <li><a href=\"https:\/\/veszpremikamara.hu\/index.php\/api\/feeds\/page?page=27\">27<\/a><\/li>\r\n                                                                                    <li class=\"disabled\"><span>...<\/span><\/li>\r\n            \r\n                                \r\n                                                                        <li><a href=\"https:\/\/veszpremikamara.hu\/index.php\/api\/feeds\/page?page=174\">174<\/a><\/li>\r\n                                                                                <li><a href=\"https:\/\/veszpremikamara.hu\/index.php\/api\/feeds\/page?page=175\">175<\/a><\/li>\r\n                                                        \r\n                    <li class=\"right\"><a href=\"https:\/\/veszpremikamara.hu\/index.php\/api\/feeds\/page?page=25\" rel=\"next\"><span class=\"icon icon-arrow-flat-right\"><\/span><\/a><\/li>\r\n            <\/ul>\r\n\r\n","page":"24"}