{"content":"<div class=\"row inline-row\">\r\n                <div class=\"col-md-6 inline-col feed-item\">\r\n            <div class=\"clearfix\">\r\n        <div class=\"col-xs-12 img  \">\r\n            <a  href=\"https:\/\/veszpremikamara.hu\/index.php\/hirek\/22-ev-22-kerdes-magyarorszag-22-eve-csatlakozott-az-eu-hoz\">\r\n                <img class=\"img-responsive img-center\" src=\"https:\/\/veszpremikamara.hu\/uploads\/feed_items\/small-22-ev-22-kerdes-fb-poszt-1777287737781.png\" alt=\"22 \u00e9v - 22 k\u00e9rd\u00e9s: Magyarorsz\u00e1g 22 \u00e9ve csatlakozott az EU-hoz\">\r\n            <\/a>\r\n        <\/div>\r\n        <div class=\"col-xs-7 info\">\r\n            <div class=\"title\"><a  href=\"https:\/\/veszpremikamara.hu\/index.php\/hirek\/22-ev-22-kerdes-magyarorszag-22-eve-csatlakozott-az-eu-hoz\">22 \u00e9v - 22 k\u00e9rd\u00e9s: Magyarorsz\u00e1g 22 \u00e9ve csatlakozott az EU-hoz<\/a><\/div>\r\n                            <ul class=\"categories\">\r\n                                            <li><a style=\"background: rgba(51,122,183,0.95); color: #ffffff\" href=\"https:\/\/veszpremikamara.hu\/index.php\/hirek\/europe-direct\">Europe Direct<\/a><\/li>\r\n                                        <li><span class=\"public-at\">2026. \u00e1prilis 23.<\/span><\/li>\r\n                <\/ul>\r\n                        <div class=\"desc\"><p style=\"text-align:justify\">Magyarorsz\u00e1g eur\u00f3pai uni\u00f3s csatlakoz\u00e1s\u00e1nak 22 \u00e9ves \u00e9vfordul\u00f3ja alkalm\u00e1b\u00f3l a Europe Direct Veszpr\u00e9m online kv\u00edzj\u00e1t\u00e9kot hirdet nyerem\u00e9nysorsol\u00e1ssal&nbsp;2026. m\u00e1jus 1-17. k\u00f6z\u00f6tt.<\/p><\/div>\r\n        <\/div>\r\n    <\/div>\r\n        <\/div>\r\n            <div class=\"col-md-6 inline-col feed-item\">\r\n            <div class=\"clearfix\">\r\n        <div class=\"col-xs-12 img  \">\r\n            <a  href=\"https:\/\/veszpremikamara.hu\/index.php\/hirek\/nemzetkozi-hirszemle\">\r\n                <img class=\"img-responsive img-center\" src=\"https:\/\/veszpremikamara.hu\/uploads\/feed_items\/small-hirszemle-nemzetkozi-17401276654928.png\" alt=\"Nemzetk\u00f6zi h\u00edrszemle\">\r\n            <\/a>\r\n        <\/div>\r\n        <div class=\"col-xs-7 info\">\r\n            <div class=\"title\"><a  href=\"https:\/\/veszpremikamara.hu\/index.php\/hirek\/nemzetkozi-hirszemle\">Nemzetk\u00f6zi h\u00edrszemle<\/a><\/div>\r\n                            <ul class=\"categories\">\r\n                                            <li><a style=\"background: rgba(232,136,43,0.95); color: #ffffff\" href=\"https:\/\/veszpremikamara.hu\/index.php\/hirek\/gazdasagfejlesztes\">Gazdas\u00e1gfejleszt\u00e9s<\/a><\/li>\r\n                                        <li><span class=\"public-at\">2026. \u00e1prilis 23.<\/span><\/li>\r\n                <\/ul>\r\n                        <div class=\"desc\"><p style=\"text-align:justify\">A Magyar Kereskedelmi \u00e9s Iparkamara \u00f6sszefoglal\u00f3ja a k\u00fclkereskedelem szempontj\u00e1b\u00f3l fontosabb orsz\u00e1gok aktu\u00e1lis gazdas\u00e1gi helyzet\u00e9r\u0151l, az orsz\u00e1gokat \u00e9rint\u0151, legfontosabb int\u00e9zked\u00e9sekr\u0151l \u00e9s az esetleges \u00e1ruforgalmi korl\u00e1toz\u00e1sokr\u00f3l.<\/p><\/div>\r\n        <\/div>\r\n    <\/div>\r\n        <\/div>\r\n            <div class=\"col-md-6 inline-col feed-item\">\r\n            <div class=\"clearfix\">\r\n        <div class=\"col-xs-12 img  \">\r\n            <a  href=\"https:\/\/veszpremikamara.hu\/index.php\/hirek\/xii-szakmara-fel-mesterseg-es-szakmaismereti-vetelkedo\">\r\n                <img class=\"img-responsive img-center\" src=\"https:\/\/veszpremikamara.hu\/uploads\/feed_items\/small-20260422-17768651681062.jpg\" alt=\"XII. Szakm\u00e1ra fel! mesters\u00e9g- \u00e9s szakmaismereti vet\u00e9lked\u0151\">\r\n            <\/a>\r\n        <\/div>\r\n        <div class=\"col-xs-7 info\">\r\n            <div class=\"title\"><a  href=\"https:\/\/veszpremikamara.hu\/index.php\/hirek\/xii-szakmara-fel-mesterseg-es-szakmaismereti-vetelkedo\">XII. Szakm\u00e1ra fel! mesters\u00e9g- \u00e9s szakmaismereti vet\u00e9lked\u0151<\/a><\/div>\r\n                            <ul class=\"categories\">\r\n                                            <li><a style=\"background: rgba(151,75,138,0.95); color: #ffffff\" href=\"https:\/\/veszpremikamara.hu\/index.php\/hirek\/szakkepzes\">Szakk\u00e9pz\u00e9s<\/a><\/li>\r\n                                        <li><span class=\"public-at\">2026. \u00e1prilis 22.<\/span><\/li>\r\n                <\/ul>\r\n                        <div class=\"desc\"><p style=\"text-align:justify\">A Veszpr\u00e9m V\u00e1rmegyei Kereskedelmi \u00e9s Iparkamara id\u00e9n a Magyar Eg\u00e9szs\u00e9g\u00fcgyi Szakdolgoz\u00f3i Kamara Veszpr\u00e9m V\u00e1rmegyei Ter\u00fcleti Szervezet\u00e9vel egy\u00fcttm\u0171k\u00f6dve hirdette meg a p\u00e1lyav\u00e1laszt\u00e1st seg\u00edt\u0151 <strong>\u201eSzakm\u00e1ra fel!\u201d<\/strong> t\u00f6bbfordul\u00f3s mesters\u00e9g- \u00e9s szakmaismereti vet\u00e9lked\u0151t.<\/p><\/div>\r\n        <\/div>\r\n    <\/div>\r\n        <\/div>\r\n            <div class=\"col-md-6 inline-col feed-item\">\r\n            <div class=\"clearfix\">\r\n        <div class=\"col-xs-12 img  \">\r\n            <a  href=\"https:\/\/veszpremikamara.hu\/index.php\/hirek\/balatoni-turisztikai-uzleti-reggeli-balatonfureden-fokuszban-a-minosegi-es-fenntarthato-turizmus\">\r\n                <img class=\"img-responsive img-center\" src=\"https:\/\/veszpremikamara.hu\/uploads\/feed_items\/small-20260422-17768556446608.jpg\" alt=\"Balatoni turisztikai \u00fczleti reggeli Balatonf\u00fcreden \u2013 f\u00f3kuszban a min\u0151s\u00e9gi \u00e9s fenntarthat\u00f3 turizmus\">\r\n            <\/a>\r\n        <\/div>\r\n        <div class=\"col-xs-7 info\">\r\n            <div class=\"title\"><a  href=\"https:\/\/veszpremikamara.hu\/index.php\/hirek\/balatoni-turisztikai-uzleti-reggeli-balatonfureden-fokuszban-a-minosegi-es-fenntarthato-turizmus\">Balatoni turisztikai \u00fczleti reggeli Balatonf\u00fcreden \u2013 f\u00f3kuszban a min\u0151s\u00e9gi \u00e9s fenntarthat\u00f3 turizmus<\/a><\/div>\r\n                            <ul class=\"categories\">\r\n                                            <li><a style=\"background: #921a1d; color: #ffffff\" href=\"https:\/\/veszpremikamara.hu\/index.php\/hirek\/kamara\">Kamara<\/a><\/li>\r\n                                            <li><a style=\"background: rgba(232,136,43,0.95); color: #ffffff\" href=\"https:\/\/veszpremikamara.hu\/index.php\/hirek\/gazdasagfejlesztes\">Gazdas\u00e1gfejleszt\u00e9s<\/a><\/li>\r\n                                        <li><span class=\"public-at\">2026. \u00e1prilis 22.<\/span><\/li>\r\n                <\/ul>\r\n                        <div class=\"desc\"><p style=\"text-align:justify\">A Veszpr\u00e9m V\u00e1rmegyei Kereskedelmi \u00e9s Iparkamara 2026. \u00e1prilis 22-\u00e9n Balatonf\u00fcreden, a Hotel Golden Lake Resortban szervezte meg <strong>Balatoni turisztikai \u00fczleti reggeli<\/strong> c\u00edm\u0171 szakmai esem\u00e9ny\u00e9t, amelynek k\u00f6z\u00e9ppontj\u00e1ban a turizmus j\u00f6v\u0151j\u00e9t meghat\u00e1roz\u00f3 nemzetk\u00f6zi trendek \u00e9s a j\u00f3 gyakorlatok hazai adapt\u00e1ci\u00f3j\u00e1nak lehet\u0151s\u00e9gei \u00e1lltak.<\/p><\/div>\r\n        <\/div>\r\n    <\/div>\r\n        <\/div>\r\n            <div class=\"col-md-6 inline-col feed-item\">\r\n            <div class=\"clearfix\">\r\n        <div class=\"col-xs-12 img  \">\r\n            <a  href=\"https:\/\/veszpremikamara.hu\/index.php\/hirek\/erett-fa-muhelynap-faipari-palyaorientacios-program-papan\">\r\n                <img class=\"img-responsive img-center\" src=\"https:\/\/veszpremikamara.hu\/uploads\/feed_items\/small-20260421-17767789148911.jpg\" alt=\"\u00c9rett Fa M\u0171helynap - faipari p\u00e1lyaorient\u00e1ci\u00f3s program P\u00e1p\u00e1n\">\r\n            <\/a>\r\n        <\/div>\r\n        <div class=\"col-xs-7 info\">\r\n            <div class=\"title\"><a  href=\"https:\/\/veszpremikamara.hu\/index.php\/hirek\/erett-fa-muhelynap-faipari-palyaorientacios-program-papan\">\u00c9rett Fa M\u0171helynap - faipari p\u00e1lyaorient\u00e1ci\u00f3s program P\u00e1p\u00e1n<\/a><\/div>\r\n                            <ul class=\"categories\">\r\n                                            <li><a style=\"background: rgba(151,75,138,0.95); color: #ffffff\" href=\"https:\/\/veszpremikamara.hu\/index.php\/hirek\/szakkepzes\">Szakk\u00e9pz\u00e9s<\/a><\/li>\r\n                                        <li><span class=\"public-at\">2026. \u00e1prilis 21.<\/span><\/li>\r\n                <\/ul>\r\n                        <div class=\"desc\"><p style=\"text-align:justify\">Gyakorlati feladatokkal \u00e9s val\u00f3di munkak\u00f6rnyezetben pr\u00f3b\u00e1lhatt\u00e1k ki magukat azok a 6\u20138. oszt\u00e1lyos tanul\u00f3k, akik r\u00e9szt vettek az \u201e\u00c9rett&nbsp;Fa&nbsp;M\u0171helynap\u201d&nbsp; programon.<\/p><\/div>\r\n        <\/div>\r\n    <\/div>\r\n        <\/div>\r\n            <div class=\"col-md-6 inline-col feed-item\">\r\n            <div class=\"clearfix\">\r\n        <div class=\"col-xs-12 img  \">\r\n            <a  href=\"https:\/\/veszpremikamara.hu\/index.php\/hirek\/bovulnek-a-kkv-k-jogai-szigorodnak-a-jotallasi-szabalyok\">\r\n                <img class=\"img-responsive img-center\" src=\"https:\/\/veszpremikamara.hu\/uploads\/feed_items\/small-computer-1920-17766886013532.jpg\" alt=\"B\u0151v\u00fclnek a kkv-k jogai, szigorodnak a j\u00f3t\u00e1ll\u00e1si szab\u00e1lyok\">\r\n            <\/a>\r\n        <\/div>\r\n        <div class=\"col-xs-7 info\">\r\n            <div class=\"title\"><a  href=\"https:\/\/veszpremikamara.hu\/index.php\/hirek\/bovulnek-a-kkv-k-jogai-szigorodnak-a-jotallasi-szabalyok\">B\u0151v\u00fclnek a kkv-k jogai, szigorodnak a j\u00f3t\u00e1ll\u00e1si szab\u00e1lyok<\/a><\/div>\r\n                            <ul class=\"categories\">\r\n                                            <li><a style=\"background: rgba(44,40,48,0.59); color: #ffffff\" href=\"https:\/\/veszpremikamara.hu\/index.php\/hirek\/gazdasag\">Gazdas\u00e1g<\/a><\/li>\r\n                                        <li><span class=\"public-at\">2026. \u00e1prilis 20.<\/span><\/li>\r\n                <\/ul>\r\n                        <div class=\"desc\"><p style=\"text-align:justify\">2026-ban \u00e1tfog\u00f3 fogyaszt\u00f3v\u00e9delmi jogszab\u00e1ly-v\u00e1ltoz\u00e1sok l\u00e9pnek hat\u00e1lyba, amelyek k\u00f6zvetlen\u00fcl \u00e9rintik a web\u00e1ruh\u00e1zakat \u00e9s a tart\u00f3s fogyaszt\u00e1si cikkeket \u00e9rt\u00e9kes\u00edt\u0151 v\u00e1llalkoz\u00e1sokat.&nbsp;<\/p><\/div>\r\n        <\/div>\r\n    <\/div>\r\n        <\/div>\r\n            <div class=\"col-md-6 inline-col feed-item\">\r\n            <div class=\"clearfix\">\r\n        <div class=\"col-xs-12 img  \">\r\n            <a  href=\"https:\/\/veszpremikamara.hu\/index.php\/hirek\/az-iparpolitika-uj-korszaka-mit-tanulhatunk-a-v4-ek-tapasztalataibol\">\r\n                <img class=\"img-responsive img-center\" src=\"https:\/\/veszpremikamara.hu\/uploads\/feed_items\/small-gazdalkodasi-es-tudomanyos-tarsasagok-szoevetsege-17766875717525.png\" alt=\"Az iparpolitika \u00faj korszaka \u2013 mit tanulhatunk a V4-ek tapasztalataib\u00f3l?\">\r\n            <\/a>\r\n        <\/div>\r\n        <div class=\"col-xs-7 info\">\r\n            <div class=\"title\"><a  href=\"https:\/\/veszpremikamara.hu\/index.php\/hirek\/az-iparpolitika-uj-korszaka-mit-tanulhatunk-a-v4-ek-tapasztalataibol\">Az iparpolitika \u00faj korszaka \u2013 mit tanulhatunk a V4-ek tapasztalataib\u00f3l?<\/a><\/div>\r\n                        <div class=\"desc\"><p style=\"text-align:justify\">Kerekasztal-besz\u00e9lget\u00e9st szervezett a Magyar K\u00f6zgazdas\u00e1gi T\u00e1rsas\u00e1g (MKT) Ipari \u00e9s V\u00e1llalkoz\u00e1si Szakoszt\u00e1lya 2026. \u00e1prilis 14-\u00e9n az MKT k\u00f6z\u00f6ss\u00e9gi ter\u00e9ben, amelyet az \u00e9rdekl\u0151d\u0151k az&nbsp;<a href=\"https:\/\/www.youtube.com\/watch?app=desktop&amp;v=OazkqhYgKLU&amp;fbclid=IwRlRTSARNOtFleHRuA2FlbQIxMQBzcnRjBmFwcF9pZAo2NjI4NTY4Mzc5AAEe0TD2SuV3fkBTdejtKBFlqXOaS-MHWSZAMfpmGnSfQhvW-0iy2m0g96VrGTk_aem_4Nz1K-y-CXWnLxYlw5lbSQ\" target=\"_blank\">MKT YouTube-csatorn\u00e1j\u00e1n<\/a>&nbsp;is k\u00f6vethettek.&nbsp;<\/p><\/div>\r\n        <\/div>\r\n    <\/div>\r\n        <\/div>\r\n            <div class=\"col-md-6 inline-col feed-item\">\r\n            <div class=\"clearfix\">\r\n        <div class=\"col-xs-12 img  \">\r\n            <a  href=\"https:\/\/veszpremikamara.hu\/index.php\/hirek\/erkeznek-az-adoszamla-ertesitok\">\r\n                <img class=\"img-responsive img-center\" src=\"https:\/\/veszpremikamara.hu\/uploads\/feed_items\/small-nemzeti-ado-es-vamhivatal-nav-logo-vector-1-17766873466584.png\" alt=\"\u00c9rkeznek az ad\u00f3sz\u00e1mla-\u00e9rtes\u00edt\u0151k\">\r\n            <\/a>\r\n        <\/div>\r\n        <div class=\"col-xs-7 info\">\r\n            <div class=\"title\"><a  href=\"https:\/\/veszpremikamara.hu\/index.php\/hirek\/erkeznek-az-adoszamla-ertesitok\">\u00c9rkeznek az ad\u00f3sz\u00e1mla-\u00e9rtes\u00edt\u0151k<\/a><\/div>\r\n                            <ul class=\"categories\">\r\n                                            <li><a style=\"background: #ff0000; color: #ffffff\" href=\"https:\/\/veszpremikamara.hu\/index.php\/hirek\/nav-hirek\">NAV h\u00edrek<\/a><\/li>\r\n                                        <li><span class=\"public-at\">2026. \u00e1prilis 20.<\/span><\/li>\r\n                <\/ul>\r\n                        <div class=\"desc\"><p style=\"text-align:justify\">A Nemzeti Ad\u00f3- \u00e9s V\u00e1mhivatal (NAV) \u00e1prilis 20-\u00e1t\u00f3l k\u00fcldi az ad\u00f3sz\u00e1mla-\u00e9rtes\u00edt\u0151ket a gazd\u00e1lkod\u00f3knak.<\/p><\/div>\r\n        <\/div>\r\n    <\/div>\r\n        <\/div>\r\n    <\/div>\r\n\r\n<ul class=\"pagination\">\r\n                    <li class=\"left\"><a href=\"https:\/\/veszpremikamara.hu\/index.php\/api\/feeds\/page?page=2\" rel=\"prev\"><span class=\"icon icon-arrow-flat-left\"><\/span><\/a><\/li>\r\n        \r\n                    \r\n                                                                        <li><a href=\"https:\/\/veszpremikamara.hu\/index.php\/api\/feeds\/page?page=1\">01<\/a><\/li>\r\n                                                                                <li><a href=\"https:\/\/veszpremikamara.hu\/index.php\/api\/feeds\/page?page=2\">02<\/a><\/li>\r\n                                                                                <li class=\"active\"><span>03<\/span><\/li>\r\n                                                                                <li><a href=\"https:\/\/veszpremikamara.hu\/index.php\/api\/feeds\/page?page=4\">04<\/a><\/li>\r\n                                                                                <li><a href=\"https:\/\/veszpremikamara.hu\/index.php\/api\/feeds\/page?page=5\">05<\/a><\/li>\r\n                                                                                <li><a href=\"https:\/\/veszpremikamara.hu\/index.php\/api\/feeds\/page?page=6\">06<\/a><\/li>\r\n                                                                                <li><a href=\"https:\/\/veszpremikamara.hu\/index.php\/api\/feeds\/page?page=7\">07<\/a><\/li>\r\n                                                                                <li><a href=\"https:\/\/veszpremikamara.hu\/index.php\/api\/feeds\/page?page=8\">08<\/a><\/li>\r\n                                                                                    <li class=\"disabled\"><span>...<\/span><\/li>\r\n            \r\n                                \r\n                                                                        <li><a href=\"https:\/\/veszpremikamara.hu\/index.php\/api\/feeds\/page?page=175\">175<\/a><\/li>\r\n                                                                                <li><a href=\"https:\/\/veszpremikamara.hu\/index.php\/api\/feeds\/page?page=176\">176<\/a><\/li>\r\n                                                        \r\n                    <li class=\"right\"><a href=\"https:\/\/veszpremikamara.hu\/index.php\/api\/feeds\/page?page=4\" rel=\"next\"><span class=\"icon icon-arrow-flat-right\"><\/span><\/a><\/li>\r\n            <\/ul>\r\n\r\n","page":"3"}