{"content":"<div class=\"row inline-row\">\r\n                <div class=\"col-md-6 inline-col feed-item\">\r\n            <div class=\"clearfix\">\r\n        <div class=\"col-xs-12 img  \">\r\n            <a  href=\"https:\/\/veszpremikamara.hu\/index.php\/hirek\/ismet-egy-merfoldko-a-digitalis-keszsegeket-tamogato-tananyagok-fejleszteseben\">\r\n                <img class=\"img-responsive img-center\" src=\"https:\/\/veszpremikamara.hu\/uploads\/feed_items\/small-1f4615a8-1334-47bc-a0a6-9fcd51e8436f-17769424376966.jpg\" alt=\"Ism\u00e9t egy m\u00e9rf\u00f6ldk\u0151 a digit\u00e1lis k\u00e9szs\u00e9geket t\u00e1mogat\u00f3 tananyagok fejleszt\u00e9s\u00e9ben\">\r\n            <\/a>\r\n        <\/div>\r\n        <div class=\"col-xs-7 info\">\r\n            <div class=\"title\"><a  href=\"https:\/\/veszpremikamara.hu\/index.php\/hirek\/ismet-egy-merfoldko-a-digitalis-keszsegeket-tamogato-tananyagok-fejleszteseben\">Ism\u00e9t egy m\u00e9rf\u00f6ldk\u0151 a digit\u00e1lis k\u00e9szs\u00e9geket t\u00e1mogat\u00f3 tananyagok fejleszt\u00e9s\u00e9ben<\/a><\/div>\r\n                            <ul class=\"categories\">\r\n                                            <li><a style=\"background: #921a1d; color: #ffffff\" href=\"https:\/\/veszpremikamara.hu\/index.php\/hirek\/kamara\">Kamara<\/a><\/li>\r\n                                            <li><a style=\"background: rgba(232,136,43,0.95); color: #ffffff\" href=\"https:\/\/veszpremikamara.hu\/index.php\/hirek\/gazdasagfejlesztes\">Gazdas\u00e1gfejleszt\u00e9s<\/a><\/li>\r\n                                        <li><span class=\"public-at\">2026. \u00e1prilis 20.<\/span><\/li>\r\n                <\/ul>\r\n                        <div class=\"desc\"><p style=\"text-align:justify\">A kamara <em>VETech Erasmus+ <\/em>c. projektje keret\u00e9ben el\u00e9rkezett az id\u0151, hogy a projektpartnerek a h\u00e1rom kiv\u00e1lasztott t\u00e9m\u00e1ban&nbsp;\u00e9lesben tesztelj\u00e9k a digit\u00e1lis k\u00e9szs\u00e9gek fejleszt\u00e9s\u00e9t c\u00e9lz\u00f3, k\u00f6z\u00f6sen \u00f6ssze\u00e1ll\u00edtott&nbsp;tananyagokat. A projekt 2026. j\u00fanius 30-\u00e1n \u00e9r v\u00e9get.<\/p>\r\n\r\n<p style=\"text-align:justify\">&nbsp;<\/p><\/div>\r\n        <\/div>\r\n    <\/div>\r\n        <\/div>\r\n            <div class=\"col-md-6 inline-col feed-item\">\r\n            <div class=\"clearfix\">\r\n        <div class=\"col-xs-12 img  \">\r\n            <a  href=\"https:\/\/veszpremikamara.hu\/index.php\/hirek\/digitalis-lenduletet-kapnak-a-turisztikai-kkv-k-elindult-a-digitaltourboost-program\">\r\n                <img class=\"img-responsive img-center\" src=\"https:\/\/veszpremikamara.hu\/uploads\/feed_items\/small-top-view-hand-holding-smartphone-17766800866273.jpg\" alt=\"Digit\u00e1lis lend\u00fcletet kapnak a turisztikai KKV-k \u2013 elindult a DigitalTourBoost program\">\r\n            <\/a>\r\n        <\/div>\r\n        <div class=\"col-xs-7 info\">\r\n            <div class=\"title\"><a  href=\"https:\/\/veszpremikamara.hu\/index.php\/hirek\/digitalis-lenduletet-kapnak-a-turisztikai-kkv-k-elindult-a-digitaltourboost-program\">Digit\u00e1lis lend\u00fcletet kapnak a turisztikai KKV-k \u2013 elindult a DigitalTourBoost program<\/a><\/div>\r\n                            <ul class=\"categories\">\r\n                                            <li><a style=\"background: rgba(232,136,43,0.95); color: #ffffff\" href=\"https:\/\/veszpremikamara.hu\/index.php\/hirek\/gazdasagfejlesztes\">Gazdas\u00e1gfejleszt\u00e9s<\/a><\/li>\r\n                                        <li><span class=\"public-at\">2026. \u00e1prilis 20.<\/span><\/li>\r\n                <\/ul>\r\n                        <div class=\"desc\"><p style=\"text-align:justify\">&nbsp;A hazai turizmus-vend\u00e9gl\u00e1t\u00e1s \u00e1gazat digit\u00e1lis fejl\u0151d\u00e9s\u00e9t t\u00e1mogatja a&nbsp;<em><a href=\"https:\/\/turizmus.com\/cikk\/szallashely\/dimop-palyazat-kkv-k-digitalis-fejlesztese-digitaltourboost-projekt-vimosz-muisz-mvi-mngsz-maresz?utm_source=turizmus.com+bulletin&amp;utm_campaign=3396c0157a-EMAIL_CAMPAIGN_2026_04_14_04_33_COPY_01&amp;utm_medium=email&amp;utm_term=0_a522800983-0e6e7c82e7-454302803\" target=\"_blank\">DigitalTourBoost<\/a>&nbsp;- A turisztikai kisv\u00e1llalatok tuning m\u0171helye<\/em>&nbsp;projekt, amelyet a Turisztikai \u00e9s Vend\u00e9gl\u00e1t\u00f3 Munkaad\u00f3k Orsz\u00e1gos Sz\u00f6vets\u00e9ge (VIMOSZ) konzorciumi partnereivel k\u00f6z\u00f6sen val\u00f3s\u00edt meg eur\u00f3pai uni\u00f3s, vissza nem t\u00e9r\u00edtend\u0151 t\u00e1mogat\u00e1sb\u00f3l.&nbsp;<\/p><\/div>\r\n        <\/div>\r\n    <\/div>\r\n        <\/div>\r\n            <div class=\"col-md-6 inline-col feed-item\">\r\n            <div class=\"clearfix\">\r\n        <div class=\"col-xs-12 img  \">\r\n            <a  href=\"https:\/\/veszpremikamara.hu\/index.php\/hirek\/palyazati-felhivas-a-hazai-kkv-szektor-kibervedelmi-kepessegeinek-fejlesztesere\">\r\n                <img class=\"img-responsive img-center\" src=\"https:\/\/veszpremikamara.hu\/uploads\/feed_items\/small-cybersecurity-concept-collage-design-17766778755313.jpg\" alt=\"P\u00e1ly\u00e1zati felh\u00edv\u00e1s a hazai KKV szektor kiberv\u00e9delmi k\u00e9pess\u00e9geinek fejleszt\u00e9s\u00e9re\">\r\n            <\/a>\r\n        <\/div>\r\n        <div class=\"col-xs-7 info\">\r\n            <div class=\"title\"><a  href=\"https:\/\/veszpremikamara.hu\/index.php\/hirek\/palyazati-felhivas-a-hazai-kkv-szektor-kibervedelmi-kepessegeinek-fejlesztesere\">P\u00e1ly\u00e1zati felh\u00edv\u00e1s a hazai KKV szektor kiberv\u00e9delmi k\u00e9pess\u00e9geinek fejleszt\u00e9s\u00e9re<\/a><\/div>\r\n                            <ul class=\"categories\">\r\n                                            <li><a style=\"background: rgba(44,40,48,0.59); color: #ffffff\" href=\"https:\/\/veszpremikamara.hu\/index.php\/hirek\/gazdasag\">Gazdas\u00e1g<\/a><\/li>\r\n                                            <li><a style=\"background: #921a1d; color: #ffffff\" href=\"https:\/\/veszpremikamara.hu\/index.php\/hirek\/palyazat\">P\u00e1ly\u00e1zat<\/a><\/li>\r\n                                        <li><span class=\"public-at\">2026. \u00e1prilis 20.<\/span><\/li>\r\n                <\/ul>\r\n                        <div class=\"desc\"><p style=\"text-align:justify\">A p\u00e1ly\u00e1zat c\u00e9lja, hogy a hazai KKV szektor kiberbiztons\u00e1gi ellen\u00e1ll\u00f3 \u00e9s kock\u00e1zatkezel\u00e9si k\u00e9pess\u00e9geinek jav\u00edt\u00e1sa \u00e1ltal hozz\u00e1j\u00e1ruljon az Eur\u00f3pai Kiberbiztons\u00e1gi Ipari, Technol\u00f3giai \u00e9s Kutat\u00e1si Kompetenciak\u00f6zpont Digit\u00e1lis Eur\u00f3pa Kiberbiztons\u00e1g 2025-2027-es munkaprogram c\u00e9lkit\u0171z\u00e9seihez.<\/p><\/div>\r\n        <\/div>\r\n    <\/div>\r\n        <\/div>\r\n            <div class=\"col-md-6 inline-col feed-item\">\r\n            <div class=\"clearfix\">\r\n        <div class=\"col-xs-12 img  \">\r\n            <a  href=\"https:\/\/veszpremikamara.hu\/index.php\/hirek\/uzleti-reggeli-tapolcan-a-helyi-rendezesi-tervrol-es-fejlesztesi-igenyekrol\">\r\n                <img class=\"img-responsive img-center\" src=\"https:\/\/veszpremikamara.hu\/uploads\/feed_items\/small-1000033352-17764112124673.jpg\" alt=\"\u00dczleti reggeli Tapolc\u00e1n a helyi rendez\u00e9si tervr\u0151l \u00e9s fejleszt\u00e9si ig\u00e9nyekr\u0151l\">\r\n            <\/a>\r\n        <\/div>\r\n        <div class=\"col-xs-7 info\">\r\n            <div class=\"title\"><a  href=\"https:\/\/veszpremikamara.hu\/index.php\/hirek\/uzleti-reggeli-tapolcan-a-helyi-rendezesi-tervrol-es-fejlesztesi-igenyekrol\">\u00dczleti reggeli Tapolc\u00e1n a helyi rendez\u00e9si tervr\u0151l \u00e9s fejleszt\u00e9si ig\u00e9nyekr\u0151l<\/a><\/div>\r\n                            <ul class=\"categories\">\r\n                                            <li><a style=\"background: #921a1d; color: #ffffff\" href=\"https:\/\/veszpremikamara.hu\/index.php\/hirek\/kamara\">Kamara<\/a><\/li>\r\n                                            <li><a style=\"background: rgba(232,136,43,0.95); color: #ffffff\" href=\"https:\/\/veszpremikamara.hu\/index.php\/hirek\/gazdasagfejlesztes\">Gazdas\u00e1gfejleszt\u00e9s<\/a><\/li>\r\n                                        <li><span class=\"public-at\">2026. \u00e1prilis 17.<\/span><\/li>\r\n                <\/ul>\r\n                        <div class=\"desc\"><p style=\"text-align:justify\">A Veszpr\u00e9m V\u00e1rmegyei Kereskedelmi \u00e9s Iparkamara Tapolca v\u00e1ros \u00d6nkorm\u00e1nyzat\u00e1val egy\u00fcttm\u0171k\u00f6dve \u00dczleti reggelit szervezett, ahol a&nbsp;r\u00e9sztvev\u0151k a telep\u00fcl\u00e9srendez\u00e9si terv m\u00f3dos\u00edt\u00e1s\u00e1val \u00e9s a t\u00e9rs\u00e9g gazdas\u00e1gfejleszt\u00e9si lehet\u0151s\u00e9geivel kapcsolatban osztott\u00e1k meg \u00e1ll\u00e1spontjaikat \u00e9s tapasztalataikat.<\/p><\/div>\r\n        <\/div>\r\n    <\/div>\r\n        <\/div>\r\n            <div class=\"col-md-6 inline-col feed-item\">\r\n            <div class=\"clearfix\">\r\n        <div class=\"col-xs-12 img  \">\r\n            <a  href=\"https:\/\/veszpremikamara.hu\/index.php\/hirek\/turisztikai-szezonnyito-szakmai-forum-balatonfureden\">\r\n                <img class=\"img-responsive img-center\" src=\"https:\/\/veszpremikamara.hu\/uploads\/feed_items\/small-dsc-4821-17762400510467.jpg\" alt=\"Turisztikai szezonnyit\u00f3 szakmai f\u00f3rum Balatonf\u00fcreden\">\r\n            <\/a>\r\n        <\/div>\r\n        <div class=\"col-xs-7 info\">\r\n            <div class=\"title\"><a  href=\"https:\/\/veszpremikamara.hu\/index.php\/hirek\/turisztikai-szezonnyito-szakmai-forum-balatonfureden\">Turisztikai szezonnyit\u00f3 szakmai f\u00f3rum Balatonf\u00fcreden<\/a><\/div>\r\n                            <ul class=\"categories\">\r\n                                            <li><a style=\"background: rgba(232,136,43,0.95); color: #ffffff\" href=\"https:\/\/veszpremikamara.hu\/index.php\/hirek\/gazdasagfejlesztes\">Gazdas\u00e1gfejleszt\u00e9s<\/a><\/li>\r\n                                        <li><span class=\"public-at\">2026. \u00e1prilis 15.<\/span><\/li>\r\n                <\/ul>\r\n                        <div class=\"desc\"><p style=\"text-align:justify\">2026. \u00e1prilis 15-\u00e9n ker\u00fclt megrendez\u00e9sre&nbsp;a&nbsp;Veszpr\u00e9m V\u00e1rmegyei Kereskedelmi \u00e9s Iparkamara \u00e9s a KISOSZ Veszpr\u00e9m V\u00e1rmegyei K\u00e9pviselet\u00e9nek szervez\u00e9s\u00e9ben&nbsp;az a turisztikai szezonra felk\u00e9sz\u00edt\u0151 szakmai f\u00f3rum, amelyen minden \u00e9vben a vend\u00e9gl\u00e1t\u00e1s, turizmus \u00e9s foglalkoztat\u00e1s ter\u00fclet\u00e9nek aktu\u00e1lis kih\u00edv\u00e1sai \u00e9s szab\u00e1lyoz\u00e1si v\u00e1ltoz\u00e1sai ker\u00fclnek a k\u00f6z\u00e9ppontba.<\/p>\r\n\r\n<p style=\"text-align:justify\">A rendezv\u00e9nyen a hat\u00f3s\u00e1gok \u00e9s szakmai szervezetek k\u00e9pvisel\u0151i \u00e1tfog\u00f3 k\u00e9pet adtak a 2026-os szezon v\u00e1rhat\u00f3 tendenci\u00e1ir\u00f3l, valamint a v\u00e1llalkoz\u00e1sokat \u00e9rint\u0151 legfontosabb jogszab\u00e1lyi \u00e9s ellen\u0151rz\u00e9si k\u00e9rd\u00e9sekr\u0151l.<\/p><\/div>\r\n        <\/div>\r\n    <\/div>\r\n        <\/div>\r\n            <div class=\"col-md-6 inline-col feed-item\">\r\n            <div class=\"clearfix\">\r\n        <div class=\"col-xs-12 img  \">\r\n            <a  href=\"https:\/\/veszpremikamara.hu\/index.php\/hirek\/hr-workshop-az-ai-a-hr-eszkoztaraban\">\r\n                <img class=\"img-responsive img-center\" src=\"https:\/\/veszpremikamara.hu\/uploads\/feed_items\/small-dsc-4780-17761735172932.jpg\" alt=\"HR workshop - Az AI a HR eszk\u00f6zt\u00e1r\u00e1ban\">\r\n            <\/a>\r\n        <\/div>\r\n        <div class=\"col-xs-7 info\">\r\n            <div class=\"title\"><a  href=\"https:\/\/veszpremikamara.hu\/index.php\/hirek\/hr-workshop-az-ai-a-hr-eszkoztaraban\">HR workshop - Az AI a HR eszk\u00f6zt\u00e1r\u00e1ban<\/a><\/div>\r\n                            <ul class=\"categories\">\r\n                                            <li><a style=\"background: rgba(44,40,48,0.59); color: #ffffff\" href=\"https:\/\/veszpremikamara.hu\/index.php\/hirek\/gazdasag\">Gazdas\u00e1g<\/a><\/li>\r\n                                        <li><span class=\"public-at\">2026. \u00e1prilis 14.<\/span><\/li>\r\n                <\/ul>\r\n                        <div class=\"desc\"><p style=\"text-align:justify\">A Veszpr\u00e9m V\u00e1rmegyei Kereskedelmi \u00e9s Iparkamara 2026. \u00e1prilis 14-\u00e9n a hum\u00e1n er\u0151forr\u00e1s ter\u00fclet\u00e9n&nbsp;dolgoz\u00f3 szakembereknek szervezett workshopot, amelynek&nbsp;k\u00f6z\u00e9ppontj\u00e1ban a HR digitaliz\u00e1ci\u00f3 \u00e9s a mesters\u00e9ges intelligencia gyakorlati alkalmaz\u00e1sa \u00e1llt.<\/p><\/div>\r\n        <\/div>\r\n    <\/div>\r\n        <\/div>\r\n            <div class=\"col-md-6 inline-col feed-item\">\r\n            <div class=\"clearfix\">\r\n        <div class=\"col-xs-12 img  \">\r\n            <a  href=\"https:\/\/veszpremikamara.hu\/index.php\/hirek\/nav-adokerekasztal-fokuszban-az-anyk-rol-valo-atallas\">\r\n                <img class=\"img-responsive img-center\" src=\"https:\/\/veszpremikamara.hu\/uploads\/feed_items\/small-nemzeti-ado-es-vamhivatal-nav-logo-vector-1-17760675726529.png\" alt=\"NAV Ad\u00f3kerekasztal \u2013 f\u00f3kuszban az \u00c1NYK-r\u00f3l val\u00f3 \u00e1t\u00e1ll\u00e1s\">\r\n            <\/a>\r\n        <\/div>\r\n        <div class=\"col-xs-7 info\">\r\n            <div class=\"title\"><a  href=\"https:\/\/veszpremikamara.hu\/index.php\/hirek\/nav-adokerekasztal-fokuszban-az-anyk-rol-valo-atallas\">NAV Ad\u00f3kerekasztal \u2013 f\u00f3kuszban az \u00c1NYK-r\u00f3l val\u00f3 \u00e1t\u00e1ll\u00e1s<\/a><\/div>\r\n                            <ul class=\"categories\">\r\n                                            <li><a style=\"background: rgba(44,40,48,0.59); color: #ffffff\" href=\"https:\/\/veszpremikamara.hu\/index.php\/hirek\/gazdasag\">Gazdas\u00e1g<\/a><\/li>\r\n                                            <li><a style=\"background: #ff0000; color: #ffffff\" href=\"https:\/\/veszpremikamara.hu\/index.php\/hirek\/nav-hirek\">NAV h\u00edrek<\/a><\/li>\r\n                                        <li><span class=\"public-at\">2026. \u00e1prilis 13.<\/span><\/li>\r\n                <\/ul>\r\n                        <div class=\"desc\"><p style=\"text-align:justify\">2026. m\u00e1rcius 31-\u00e9n ism\u00e9t \u00f6ssze\u00fclt a NAV Ad\u00f3kerekasztala a hivatal Sz\u00e9chenyi utcai sz\u00e9kh\u00e1z\u00e1ban.<\/p><\/div>\r\n        <\/div>\r\n    <\/div>\r\n        <\/div>\r\n            <div class=\"col-md-6 inline-col feed-item\">\r\n            <div class=\"clearfix\">\r\n        <div class=\"col-xs-12 img  \">\r\n            <a  href=\"https:\/\/veszpremikamara.hu\/index.php\/hirek\/megjelent-a-munkavedelmi-hirmondo-online-magazin\">\r\n                <img class=\"img-responsive img-center\" src=\"https:\/\/veszpremikamara.hu\/uploads\/feed_items\/small-depositphotos-l-1-17760674055753.jpg\" alt=\"Megjelent a Munkav\u00e9delmi H\u00edrmond\u00f3 online magazin\">\r\n            <\/a>\r\n        <\/div>\r\n        <div class=\"col-xs-7 info\">\r\n            <div class=\"title\"><a  href=\"https:\/\/veszpremikamara.hu\/index.php\/hirek\/megjelent-a-munkavedelmi-hirmondo-online-magazin\">Megjelent a Munkav\u00e9delmi H\u00edrmond\u00f3 online magazin<\/a><\/div>\r\n                            <ul class=\"categories\">\r\n                                            <li><a style=\"background: rgba(44,40,48,0.59); color: #ffffff\" href=\"https:\/\/veszpremikamara.hu\/index.php\/hirek\/gazdasag\">Gazdas\u00e1g<\/a><\/li>\r\n                                        <li><span class=\"public-at\">2026. \u00e1prilis 13.<\/span><\/li>\r\n                <\/ul>\r\n                        <div class=\"desc\"><p style=\"text-align:justify\">Megjelent a 2026. VIII. \u00e9vf. els\u0151 lapsz\u00e1ma a&nbsp;<a href=\"https:\/\/mufosz.hu\/\" target=\"_blank\">Munkabiztons\u00e1gi \u00e9s Foglalkoz\u00e1s-Eg\u00e9szs\u00e9g\u00fcgyi Szakemberek Egyes\u00fclet<\/a>&nbsp;online magazinj\u00e1nak, a&nbsp;<a href=\"https:\/\/mufosz.hu\/munkavedelmi-hirmondo\" target=\"_blank\">Munkav\u00e9delmi H\u00edrmond\u00f3nak.<\/a><\/p><\/div>\r\n        <\/div>\r\n    <\/div>\r\n        <\/div>\r\n    <\/div>\r\n\r\n<ul class=\"pagination\">\r\n                    <li class=\"left\"><a href=\"https:\/\/veszpremikamara.hu\/index.php\/api\/feeds\/page?page=3\" rel=\"prev\"><span class=\"icon icon-arrow-flat-left\"><\/span><\/a><\/li>\r\n        \r\n                    \r\n                                                                        <li><a href=\"https:\/\/veszpremikamara.hu\/index.php\/api\/feeds\/page?page=1\">01<\/a><\/li>\r\n                                                                                <li><a href=\"https:\/\/veszpremikamara.hu\/index.php\/api\/feeds\/page?page=2\">02<\/a><\/li>\r\n                                                                                <li><a href=\"https:\/\/veszpremikamara.hu\/index.php\/api\/feeds\/page?page=3\">03<\/a><\/li>\r\n                                                                                <li class=\"active\"><span>04<\/span><\/li>\r\n                                                                                <li><a href=\"https:\/\/veszpremikamara.hu\/index.php\/api\/feeds\/page?page=5\">05<\/a><\/li>\r\n                                                                                <li><a href=\"https:\/\/veszpremikamara.hu\/index.php\/api\/feeds\/page?page=6\">06<\/a><\/li>\r\n                                                                                <li><a href=\"https:\/\/veszpremikamara.hu\/index.php\/api\/feeds\/page?page=7\">07<\/a><\/li>\r\n                                                                                <li><a href=\"https:\/\/veszpremikamara.hu\/index.php\/api\/feeds\/page?page=8\">08<\/a><\/li>\r\n                                                                                    <li class=\"disabled\"><span>...<\/span><\/li>\r\n            \r\n                                \r\n                                                                        <li><a href=\"https:\/\/veszpremikamara.hu\/index.php\/api\/feeds\/page?page=175\">175<\/a><\/li>\r\n                                                                                <li><a href=\"https:\/\/veszpremikamara.hu\/index.php\/api\/feeds\/page?page=176\">176<\/a><\/li>\r\n                                                        \r\n                    <li class=\"right\"><a href=\"https:\/\/veszpremikamara.hu\/index.php\/api\/feeds\/page?page=5\" rel=\"next\"><span class=\"icon icon-arrow-flat-right\"><\/span><\/a><\/li>\r\n            <\/ul>\r\n\r\n","page":"4"}