{"content":"<div class=\"row inline-row\">\r\n                <div class=\"col-md-6 inline-col feed-item\">\r\n            <div class=\"clearfix\">\r\n        <div class=\"col-xs-12 img  \">\r\n            <a  href=\"https:\/\/veszpremikamara.hu\/index.php\/hirek\/az-europai-parlament-ep-nagy-tobbseggel-elfogadta-az-mi-szabalyozas-egyszerusiteset-celzo-javaslatot\">\r\n                <img class=\"img-responsive img-center\" src=\"https:\/\/veszpremikamara.hu\/uploads\/feed_items\/small-ai-17760671355634.jpg\" alt=\"Az Eur\u00f3pai Parlament (EP) nagy t\u00f6bbs\u00e9ggel elfogadta az MI-szab\u00e1lyoz\u00e1s egyszer\u0171s\u00edt\u00e9s\u00e9t c\u00e9lz\u00f3 javaslatot.\">\r\n            <\/a>\r\n        <\/div>\r\n        <div class=\"col-xs-7 info\">\r\n            <div class=\"title\"><a  href=\"https:\/\/veszpremikamara.hu\/index.php\/hirek\/az-europai-parlament-ep-nagy-tobbseggel-elfogadta-az-mi-szabalyozas-egyszerusiteset-celzo-javaslatot\">Az Eur\u00f3pai Parlament (EP) nagy t\u00f6bbs\u00e9ggel elfogadta az MI-szab\u00e1lyoz\u00e1s egyszer\u0171s\u00edt\u00e9s\u00e9t c\u00e9lz\u00f3 javaslatot.<\/a><\/div>\r\n                            <ul class=\"categories\">\r\n                                            <li><a style=\"background: rgba(44,40,48,0.59); color: #ffffff\" href=\"https:\/\/veszpremikamara.hu\/index.php\/hirek\/gazdasag\">Gazdas\u00e1g<\/a><\/li>\r\n                                        <li><span class=\"public-at\">2026. \u00e1prilis 13.<\/span><\/li>\r\n                <\/ul>\r\n                        <div class=\"desc\"><p style=\"text-align:justify\">Az Eur\u00f3pai Parlament (EP)&nbsp;<a href=\"https:\/\/www.europarl.europa.eu\/news\/hu\/press-room\/20260323IPR38829\/artificial-intelligence-act-delayed-application-ban-on-nudifier-apps\" target=\"_blank\">2026. m\u00e1rcius 26-\u00e1n jelent\u0151s t\u00f6bbs\u00e9ggel elfogadta a mesters\u00e9ges intelligenci\u00e1r\u00f3l sz\u00f3l\u00f3 uni\u00f3s rendelet (AI Act) m\u00f3dos\u00edt\u00e1s\u00e1ra ir\u00e1nyul\u00f3 javaslat\u00e1t<\/a>.&nbsp;<\/p><\/div>\r\n        <\/div>\r\n    <\/div>\r\n        <\/div>\r\n            <div class=\"col-md-6 inline-col feed-item\">\r\n            <div class=\"clearfix\">\r\n        <div class=\"col-xs-12 img  \">\r\n            <a  href=\"https:\/\/veszpremikamara.hu\/index.php\/hirek\/csaba-tool-kft-szolgaltatasainak-bemutatasa\">\r\n                <img class=\"img-responsive img-center\" src=\"\/images\/no-feed-item.jpg\" alt=\"Csaba Tool Kft. szolg\u00e1ltat\u00e1sainak bemutat\u00e1sa\">\r\n            <\/a>\r\n        <\/div>\r\n        <div class=\"col-xs-7 info\">\r\n            <div class=\"title\"><a  href=\"https:\/\/veszpremikamara.hu\/index.php\/hirek\/csaba-tool-kft-szolgaltatasainak-bemutatasa\">Csaba Tool Kft. szolg\u00e1ltat\u00e1sainak bemutat\u00e1sa<\/a><\/div>\r\n                            <ul class=\"categories\">\r\n                                            <li><a style=\"background: rgba(44,40,48,0.59); color: #ffffff\" href=\"https:\/\/veszpremikamara.hu\/index.php\/hirek\/gazdasag\">Gazdas\u00e1g<\/a><\/li>\r\n                                            <li><a style=\"background: #8dc63f; color: #ffffff\" href=\"https:\/\/veszpremikamara.hu\/index.php\/hirek\/uzleti-ajanlatok\">\u00dczleti aj\u00e1nlatok<\/a><\/li>\r\n                                        <li><span class=\"public-at\">2026. \u00e1prilis 13.<\/span><\/li>\r\n                <\/ul>\r\n                        <div class=\"desc\"><p style=\"text-align:justify\">A Csaba Tool Kft. egy 2014-ben alap\u00edtott, 100%-ig magyar tulajdonban l\u00e9v\u0151 szersz\u00e1mgy\u00e1rt\u00f3 v\u00e1llalkoz\u00e1s, amely jelenleg is mind g\u00e9pj\u00e1rm\u0171ipari, mind azon k\u00edv\u00fcli stabil vev\u0151k\u00f6rrel szolg\u00e1lja ki a k\u00fcl\u00f6nb\u00f6z\u0151 ipari ig\u00e9nyeket.<\/p><\/div>\r\n        <\/div>\r\n    <\/div>\r\n        <\/div>\r\n            <div class=\"col-md-6 inline-col feed-item\">\r\n            <div class=\"clearfix\">\r\n        <div class=\"col-xs-12 img  \">\r\n            <a  href=\"https:\/\/veszpremikamara.hu\/index.php\/hirek\/bejelentes-elott-is-lekerdezheto-az-efo-ban-ledolgozott-napok-szama\">\r\n                <img class=\"img-responsive img-center\" src=\"https:\/\/veszpremikamara.hu\/uploads\/feed_items\/small-nemzeti-ado-es-vamhivatal-nav-logo-vector-1-17755701274239.png\" alt=\"Bejelent\u00e9s el\u0151tt is lek\u00e9rdezhet\u0151 az EFO-ban ledolgozott napok sz\u00e1ma\">\r\n            <\/a>\r\n        <\/div>\r\n        <div class=\"col-xs-7 info\">\r\n            <div class=\"title\"><a  href=\"https:\/\/veszpremikamara.hu\/index.php\/hirek\/bejelentes-elott-is-lekerdezheto-az-efo-ban-ledolgozott-napok-szama\">Bejelent\u00e9s el\u0151tt is lek\u00e9rdezhet\u0151 az EFO-ban ledolgozott napok sz\u00e1ma<\/a><\/div>\r\n                            <ul class=\"categories\">\r\n                                            <li><a style=\"background: rgba(44,40,48,0.59); color: #ffffff\" href=\"https:\/\/veszpremikamara.hu\/index.php\/hirek\/gazdasag\">Gazdas\u00e1g<\/a><\/li>\r\n                                            <li><a style=\"background: #ff0000; color: #ffffff\" href=\"https:\/\/veszpremikamara.hu\/index.php\/hirek\/nav-hirek\">NAV h\u00edrek<\/a><\/li>\r\n                                        <li><span class=\"public-at\">2026. \u00e1prilis 07.<\/span><\/li>\r\n                <\/ul>\r\n                        <div class=\"desc\"><p style=\"text-align:justify\">Az&nbsp;<a href=\"https:\/\/nav.gov.hu\/sajtoszoba\/hirek\/Valtozas_julius_1-tol_evente_120_napot_lehet_alkalmi_es_idenymunkaban_dolgozni?\" target=\"_blank\">egyszer\u0171s\u00edtett foglalkoztat\u00e1s szab\u00e1lyai<\/a>&nbsp;szerint&nbsp;2025. j\u00falius 1-j\u00e9t\u0151l&nbsp;egy mag\u00e1nszem\u00e9ly egy napt\u00e1ri \u00e9vben legfeljebb&nbsp;120 napot dolgozhat ilyen form\u00e1ban.&nbsp;<\/p><\/div>\r\n        <\/div>\r\n    <\/div>\r\n        <\/div>\r\n            <div class=\"col-md-6 inline-col feed-item\">\r\n            <div class=\"clearfix\">\r\n        <div class=\"col-xs-12 img  \">\r\n            <a  href=\"https:\/\/veszpremikamara.hu\/index.php\/hirek\/vallalati-fenntarthatosagot-es-korforgasos-mukodest-elosegito-demonstracios-mintaprojektek-tamogatasa\">\r\n                <img class=\"img-responsive img-center\" src=\"https:\/\/veszpremikamara.hu\/uploads\/feed_items\/small-szechenyi-terv-plusz-logo-banner-rovid-78042-1080x675-17755699175714.jpg\" alt=\"V\u00e1llalati fenntarthat\u00f3s\u00e1got \u00e9s k\u00f6rforg\u00e1sos m\u0171k\u00f6d\u00e9st el\u0151seg\u00edt\u0151 demonstr\u00e1ci\u00f3s mintaprojektek t\u00e1mogat\u00e1sa\">\r\n            <\/a>\r\n        <\/div>\r\n        <div class=\"col-xs-7 info\">\r\n            <div class=\"title\"><a  href=\"https:\/\/veszpremikamara.hu\/index.php\/hirek\/vallalati-fenntarthatosagot-es-korforgasos-mukodest-elosegito-demonstracios-mintaprojektek-tamogatasa\">V\u00e1llalati fenntarthat\u00f3s\u00e1got \u00e9s k\u00f6rforg\u00e1sos m\u0171k\u00f6d\u00e9st el\u0151seg\u00edt\u0151 demonstr\u00e1ci\u00f3s mintaprojektek t\u00e1mogat\u00e1sa<\/a><\/div>\r\n                            <ul class=\"categories\">\r\n                                            <li><a style=\"background: rgba(232,136,43,0.95); color: #ffffff\" href=\"https:\/\/veszpremikamara.hu\/index.php\/hirek\/gazdasagfejlesztes\">Gazdas\u00e1gfejleszt\u00e9s<\/a><\/li>\r\n                                            <li><a style=\"background: #921a1d; color: #ffffff\" href=\"https:\/\/veszpremikamara.hu\/index.php\/hirek\/palyazat\">P\u00e1ly\u00e1zat<\/a><\/li>\r\n                                        <li><span class=\"public-at\">2026. \u00e1prilis 07.<\/span><\/li>\r\n                <\/ul>\r\n                        <div class=\"desc\"><p style=\"text-align:justify\">A Sz\u00e9chenyi Terv Plusz keret\u00e9ben megjelent a&nbsp;<em>\u201eV\u00e1llalati fenntarthat\u00f3s\u00e1got \u00e9s k\u00f6rforg\u00e1sos m\u0171k\u00f6d\u00e9st el\u0151seg\u00edt\u0151 demonstr\u00e1ci\u00f3s mintaprojektek\u201d<\/em>&nbsp;c\u00edm\u0171 (<em>KEHOP Plusz-2.3.22 k\u00f3dsz\u00e1m\u00fa<\/em>) felh\u00edv\u00e1s.<\/p><\/div>\r\n        <\/div>\r\n    <\/div>\r\n        <\/div>\r\n            <div class=\"col-md-6 inline-col feed-item\">\r\n            <div class=\"clearfix\">\r\n        <div class=\"col-xs-12 img  \">\r\n            <a target=\"blank\" href=\"https:\/\/veszpremikamara.hu\/rendezvenyek\/gazdasagfejlesztes\/kozep-dunantuli-beszallitoi-forum-veszprem\">\r\n                <img class=\"img-responsive img-center\" src=\"https:\/\/veszpremikamara.hu\/uploads\/feed_items\/small-vkik-okbp-veszprem-0506-nagyvallalatok-v4-17760670461223.png\" alt=\"K\u00f6z\u00e9p-dun\u00e1nt\u00fali Besz\u00e1ll\u00edt\u00f3i F\u00f3rum - Veszpr\u00e9m, 2026.05.06.\">\r\n            <\/a>\r\n        <\/div>\r\n        <div class=\"col-xs-7 info\">\r\n            <div class=\"title\"><a target=\"blank\" href=\"https:\/\/veszpremikamara.hu\/rendezvenyek\/gazdasagfejlesztes\/kozep-dunantuli-beszallitoi-forum-veszprem\">K\u00f6z\u00e9p-dun\u00e1nt\u00fali Besz\u00e1ll\u00edt\u00f3i F\u00f3rum - Veszpr\u00e9m, 2026.05.06.<\/a><\/div>\r\n                            <ul class=\"categories\">\r\n                                            <li><a style=\"background: #921a1d; color: #ffffff\" href=\"https:\/\/veszpremikamara.hu\/index.php\/hirek\/kamara\">Kamara<\/a><\/li>\r\n                                            <li><a style=\"background: rgba(232,136,43,0.95); color: #ffffff\" href=\"https:\/\/veszpremikamara.hu\/index.php\/hirek\/gazdasagfejlesztes\">Gazdas\u00e1gfejleszt\u00e9s<\/a><\/li>\r\n                                        <li><span class=\"public-at\">2026. \u00e1prilis 02.<\/span><\/li>\r\n                <\/ul>\r\n                        <div class=\"desc\"><p style=\"text-align:justify\"><strong>A Veszpr\u00e9m V\u00e1rmegyei Kereskedelmi \u00e9s Iparkamara a Fej\u00e9r \u00e9s&nbsp;Kom\u00e1rom-Esztergom v\u00e1rmegyei, valamint a duna\u00fajv\u00e1rosi iparkamara&nbsp;k\u00f6zrem\u0171k\u00f6d\u00e9s\u00e9vel region\u00e1lis Besz\u00e1ll\u00edt\u00f3i F\u00f3rumot szervez Veszpr\u00e9mben, az ActiCity-ben, 2026. m\u00e1jus 6-\u00e1n. <\/strong><\/p>\r\n\r\n<p style=\"text-align:justify\">A f\u00f3rum&nbsp;c\u00e9lja, hogy a meghat\u00e1roz\u00f3 k\u00f6z\u00e9p- \u00e9s nagyv\u00e1llalatok&nbsp;strat\u00e9giai jelent\u0151s\u00e9g\u0171, megb\u00edzhat\u00f3 magyarorsz\u00e1gi besz\u00e1ll\u00edt\u00f3kat tal\u00e1ljanak,&nbsp;ez\u00e1ltal er\u0151s\u00edtve a besz\u00e1ll\u00edt\u00f3i l\u00e1nc&nbsp;hazai alapjait \u00e9s az \u00e9rintett v\u00e1llalkoz\u00e1sok&nbsp;hossz\u00fa t\u00e1v\u00fa versenyk\u00e9pess\u00e9g\u00e9t.<\/p><\/div>\r\n        <\/div>\r\n    <\/div>\r\n        <\/div>\r\n            <div class=\"col-md-6 inline-col feed-item\">\r\n            <div class=\"clearfix\">\r\n        <div class=\"col-xs-12 img  \">\r\n            <a  href=\"https:\/\/veszpremikamara.hu\/index.php\/hirek\/indul-a-kamarai-esg-program-jelentkezzen-esg-felmeresre\">\r\n                <img class=\"img-responsive img-center\" src=\"https:\/\/veszpremikamara.hu\/uploads\/feed_items\/small-esg-17750436181853.jpg\" alt=\"Indul a Kamarai ESG Program \u2013 Jelentkezzen ESG felm\u00e9r\u00e9sre!\">\r\n            <\/a>\r\n        <\/div>\r\n        <div class=\"col-xs-7 info\">\r\n            <div class=\"title\"><a  href=\"https:\/\/veszpremikamara.hu\/index.php\/hirek\/indul-a-kamarai-esg-program-jelentkezzen-esg-felmeresre\">Indul a Kamarai ESG Program \u2013 Jelentkezzen ESG felm\u00e9r\u00e9sre!<\/a><\/div>\r\n                            <ul class=\"categories\">\r\n                                            <li><a style=\"background: #921a1d; color: #ffffff\" href=\"https:\/\/veszpremikamara.hu\/index.php\/hirek\/kamara\">Kamara<\/a><\/li>\r\n                                            <li><a style=\"background: rgba(232,136,43,0.95); color: #ffffff\" href=\"https:\/\/veszpremikamara.hu\/index.php\/hirek\/gazdasagfejlesztes\">Gazdas\u00e1gfejleszt\u00e9s<\/a><\/li>\r\n                                        <li><span class=\"public-at\">2026. \u00e1prilis 01.<\/span><\/li>\r\n                <\/ul>\r\n                        <div class=\"desc\"><p style=\"text-align:justify\">A Gy\u0151r-Moson-Sopron V\u00e1rmegyei Kereskedelmi \u00e9s Iparkamara a Magyar Kereskedelmi \u00e9s Iparkamara \u00e9s a Nemzetgazdas\u00e1gi Miniszt\u00e9rium t\u00e1mogat\u00e1s\u00e1val&nbsp;Kamarai ESG Programot&nbsp;ind\u00edt.&nbsp;<\/p><\/div>\r\n        <\/div>\r\n    <\/div>\r\n        <\/div>\r\n            <div class=\"col-md-6 inline-col feed-item\">\r\n            <div class=\"clearfix\">\r\n        <div class=\"col-xs-12 img  \">\r\n            <a  href=\"https:\/\/veszpremikamara.hu\/index.php\/hirek\/a-marka-amit-az-ai-nem-tud-potolni-marketing-workshop\">\r\n                <img class=\"img-responsive img-center\" src=\"https:\/\/veszpremikamara.hu\/uploads\/feed_items\/small-dsc-4730-17749582850555.jpg\" alt=\"A m\u00e1rka, amit az AI nem tud p\u00f3tolni - marketing workshop\">\r\n            <\/a>\r\n        <\/div>\r\n        <div class=\"col-xs-7 info\">\r\n            <div class=\"title\"><a  href=\"https:\/\/veszpremikamara.hu\/index.php\/hirek\/a-marka-amit-az-ai-nem-tud-potolni-marketing-workshop\">A m\u00e1rka, amit az AI nem tud p\u00f3tolni - marketing workshop<\/a><\/div>\r\n                            <ul class=\"categories\">\r\n                                            <li><a style=\"background: #921a1d; color: #ffffff\" href=\"https:\/\/veszpremikamara.hu\/index.php\/hirek\/kamara\">Kamara<\/a><\/li>\r\n                                            <li><a style=\"background: rgba(232,136,43,0.95); color: #ffffff\" href=\"https:\/\/veszpremikamara.hu\/index.php\/hirek\/gazdasagfejlesztes\">Gazdas\u00e1gfejleszt\u00e9s<\/a><\/li>\r\n                                        <li><span class=\"public-at\">2026. m\u00e1rcius 31.<\/span><\/li>\r\n                <\/ul>\r\n                        <div class=\"desc\"><p style=\"text-align:justify\">A Veszpr\u00e9m V\u00e1rmegyei Kereskedelmi \u00e9s Iparkamara Marketing Klubja&nbsp;m\u00e1rcius 31-\u00e9n szakmai workshopot szervezett , melynek t\u00e9m\u00e1ja,&nbsp;hogyan lehet er\u0151s, megk\u00fcl\u00f6nb\u00f6ztethet\u0151 m\u00e1rk\u00e1t \u00e9p\u00edteni egy olyan korban, ahol a mesters\u00e9ges intelligencia mindenki sz\u00e1m\u00e1ra el\u00e9rhet\u0151v\u00e9 tette a tartalomgy\u00e1rt\u00e1st.<\/p><\/div>\r\n        <\/div>\r\n    <\/div>\r\n        <\/div>\r\n            <div class=\"col-md-6 inline-col feed-item\">\r\n            <div class=\"clearfix\">\r\n        <div class=\"col-xs-12 img  \">\r\n            <a  href=\"https:\/\/veszpremikamara.hu\/index.php\/hirek\/kohezios-forrasok-atcsoportositasa-az-eu-strategiai-prioritasaira\">\r\n                <img class=\"img-responsive img-center\" src=\"\/images\/no-feed-item.jpg\" alt=\"Koh\u00e9zi\u00f3s forr\u00e1sok \u00e1tcsoportos\u00edt\u00e1sa az EU strat\u00e9giai priorit\u00e1saira\">\r\n            <\/a>\r\n        <\/div>\r\n        <div class=\"col-xs-7 info\">\r\n            <div class=\"title\"><a  href=\"https:\/\/veszpremikamara.hu\/index.php\/hirek\/kohezios-forrasok-atcsoportositasa-az-eu-strategiai-prioritasaira\">Koh\u00e9zi\u00f3s forr\u00e1sok \u00e1tcsoportos\u00edt\u00e1sa az EU strat\u00e9giai priorit\u00e1saira<\/a><\/div>\r\n                            <ul class=\"categories\">\r\n                                            <li><a style=\"background: rgba(232,136,43,0.95); color: #ffffff\" href=\"https:\/\/veszpremikamara.hu\/index.php\/hirek\/gazdasagfejlesztes\">Gazdas\u00e1gfejleszt\u00e9s<\/a><\/li>\r\n                                            <li><a style=\"background: rgba(51,122,183,0.95); color: #ffffff\" href=\"https:\/\/veszpremikamara.hu\/index.php\/hirek\/europe-direct\">Europe Direct<\/a><\/li>\r\n                                        <li><span class=\"public-at\">2026. m\u00e1rcius 31.<\/span><\/li>\r\n                <\/ul>\r\n                        <div class=\"desc\"><p style=\"text-align:justify\">A tag\u00e1llamok sikeresen \u00e1tprogramoztak 34,6&nbsp;milli\u00e1rd eur\u00f3t, - amely a 2021\u20132027-es koh\u00e9zi\u00f3s politikai forr\u00e1sok r\u00e9sz\u00e9t k\u00e9pezi -, az EU legs\u00fcrget\u0151bb strat\u00e9giai priorit\u00e1sainak c\u00e9ljaira, \u00edgy t\u00f6bbek k\u00f6z\u00f6tt a versenyk\u00e9pess\u00e9g, a v\u00e9delem \u00e9s a polg\u00e1ri felk\u00e9sz\u00fclts\u00e9g jav\u00edt\u00e1s\u00e1ra, a megfizethet\u0151 \u00e9s fenntarthat\u00f3 lakhat\u00e1s el\u0151mozd\u00edt\u00e1s\u00e1ra, valamint az energetikai \u00f6sszek\u00f6ttet\u00e9sek fejleszt\u00e9s\u00e9re.<\/p><\/div>\r\n        <\/div>\r\n    <\/div>\r\n        <\/div>\r\n    <\/div>\r\n\r\n<ul class=\"pagination\">\r\n                    <li class=\"left\"><a href=\"https:\/\/veszpremikamara.hu\/index.php\/api\/feeds\/page?page=4\" rel=\"prev\"><span class=\"icon icon-arrow-flat-left\"><\/span><\/a><\/li>\r\n        \r\n                    \r\n                                                                        <li><a href=\"https:\/\/veszpremikamara.hu\/index.php\/api\/feeds\/page?page=1\">01<\/a><\/li>\r\n                                                                                <li><a href=\"https:\/\/veszpremikamara.hu\/index.php\/api\/feeds\/page?page=2\">02<\/a><\/li>\r\n                                                                                <li><a href=\"https:\/\/veszpremikamara.hu\/index.php\/api\/feeds\/page?page=3\">03<\/a><\/li>\r\n                                                                                <li><a href=\"https:\/\/veszpremikamara.hu\/index.php\/api\/feeds\/page?page=4\">04<\/a><\/li>\r\n                                                                                <li class=\"active\"><span>05<\/span><\/li>\r\n                                                                                <li><a href=\"https:\/\/veszpremikamara.hu\/index.php\/api\/feeds\/page?page=6\">06<\/a><\/li>\r\n                                                                                <li><a href=\"https:\/\/veszpremikamara.hu\/index.php\/api\/feeds\/page?page=7\">07<\/a><\/li>\r\n                                                                                <li><a href=\"https:\/\/veszpremikamara.hu\/index.php\/api\/feeds\/page?page=8\">08<\/a><\/li>\r\n                                                                                    <li class=\"disabled\"><span>...<\/span><\/li>\r\n            \r\n                                \r\n                                                                        <li><a href=\"https:\/\/veszpremikamara.hu\/index.php\/api\/feeds\/page?page=175\">175<\/a><\/li>\r\n                                                                                <li><a href=\"https:\/\/veszpremikamara.hu\/index.php\/api\/feeds\/page?page=176\">176<\/a><\/li>\r\n                                                        \r\n                    <li class=\"right\"><a href=\"https:\/\/veszpremikamara.hu\/index.php\/api\/feeds\/page?page=6\" rel=\"next\"><span class=\"icon icon-arrow-flat-right\"><\/span><\/a><\/li>\r\n            <\/ul>\r\n\r\n","page":"5"}