{"content":"<div class=\"row inline-row\">\r\n                <div class=\"col-md-6 inline-col feed-item\">\r\n            <div class=\"clearfix\">\r\n        <div class=\"col-xs-12 img  \">\r\n            <a  href=\"https:\/\/veszpremikamara.hu\/index.php\/hirek\/kereskedelmi-vilagszervezet-wto-14-miniszteri-konferenciaja-alakuloban-az-uj-kereskedelmi-vilagrend\">\r\n                <img class=\"img-responsive img-center\" src=\"https:\/\/veszpremikamara.hu\/uploads\/feed_items\/small-shopping-carts-1920-17748774393628.jpg\" alt=\"Kereskedelmi Vil\u00e1gszervezet (WTO) 14. miniszteri konferenci\u00e1ja- Alakul\u00f3ban az \u00faj kereskedelmi vil\u00e1grend\">\r\n            <\/a>\r\n        <\/div>\r\n        <div class=\"col-xs-7 info\">\r\n            <div class=\"title\"><a  href=\"https:\/\/veszpremikamara.hu\/index.php\/hirek\/kereskedelmi-vilagszervezet-wto-14-miniszteri-konferenciaja-alakuloban-az-uj-kereskedelmi-vilagrend\">Kereskedelmi Vil\u00e1gszervezet (WTO) 14. miniszteri konferenci\u00e1ja- Alakul\u00f3ban az \u00faj kereskedelmi vil\u00e1grend<\/a><\/div>\r\n                            <ul class=\"categories\">\r\n                                            <li><a style=\"background: rgba(232,136,43,0.95); color: #ffffff\" href=\"https:\/\/veszpremikamara.hu\/index.php\/hirek\/gazdasagfejlesztes\">Gazdas\u00e1gfejleszt\u00e9s<\/a><\/li>\r\n                                            <li><a style=\"background: rgba(44,40,48,0.59); color: #ffffff\" href=\"https:\/\/veszpremikamara.hu\/index.php\/hirek\/gazdasag\">Gazdas\u00e1g<\/a><\/li>\r\n                                        <li><span class=\"public-at\">2026. m\u00e1rcius 30.<\/span><\/li>\r\n                <\/ul>\r\n                        <div class=\"desc\"><p style=\"text-align:justify\">2026. m\u00e1rcius 26-29-\u00e9n tartott\u00e1k a&nbsp;<a href=\"https:\/\/www.consilium.europa.eu\/hu\/meetings\/fac\/2026\/03\/26-29\/\" target=\"_blank\">Kereskedelmi Vil\u00e1gszervezet (WTO) 14. miniszteri konferenci\u00e1j\u00e1t<\/a>.&nbsp;<\/p><\/div>\r\n        <\/div>\r\n    <\/div>\r\n        <\/div>\r\n            <div class=\"col-md-6 inline-col feed-item\">\r\n            <div class=\"clearfix\">\r\n        <div class=\"col-xs-12 img  \">\r\n            <a  href=\"https:\/\/veszpremikamara.hu\/index.php\/hirek\/veszprem-varmegyei-sikerek-a-szakma-sztar-fesztivalon\">\r\n                <img class=\"img-responsive img-center\" src=\"https:\/\/veszpremikamara.hu\/uploads\/feed_items\/small-img-5978-17748567148965.jpg\" alt=\"Veszpr\u00e9m v\u00e1rmegyei sikerek a Szakma Szt\u00e1r Fesztiv\u00e1lon\">\r\n            <\/a>\r\n        <\/div>\r\n        <div class=\"col-xs-7 info\">\r\n            <div class=\"title\"><a  href=\"https:\/\/veszpremikamara.hu\/index.php\/hirek\/veszprem-varmegyei-sikerek-a-szakma-sztar-fesztivalon\">Veszpr\u00e9m v\u00e1rmegyei sikerek a Szakma Szt\u00e1r Fesztiv\u00e1lon<\/a><\/div>\r\n                            <ul class=\"categories\">\r\n                                            <li><a style=\"background: rgba(151,75,138,0.95); color: #ffffff\" href=\"https:\/\/veszpremikamara.hu\/index.php\/hirek\/szakkepzes\">Szakk\u00e9pz\u00e9s<\/a><\/li>\r\n                                        <li><span class=\"public-at\">2026. m\u00e1rcius 30.<\/span><\/li>\r\n                <\/ul>\r\n                        <div class=\"desc\"><p style=\"text-align:justify\">A Magyar Kereskedelmi \u00e9s Iparkamara \u00e1ltal szervezett Szakma Szt\u00e1r Fesztiv\u00e1lon kihirdett\u00e9k a 2025\/2026. tan\u00e9vi Szakma Kiv\u00e1l\u00f3 Tanul\u00f3ja Verseny (SZKTV) \u00e9s az Orsz\u00e1gos Szakmai Tanulm\u00e1nyi Verseny (OSZTV) d\u00f6nt\u0151j\u00e9nek eredm\u00e9nyeit.<\/p><\/div>\r\n        <\/div>\r\n    <\/div>\r\n        <\/div>\r\n            <div class=\"col-md-6 inline-col feed-item\">\r\n            <div class=\"clearfix\">\r\n        <div class=\"col-xs-12 img  \">\r\n            <a  href=\"https:\/\/veszpremikamara.hu\/index.php\/hirek\/ujabb-digitalis-szolgaltatas-a-nav-nal-megujult-az-adonaptar-az-ugyfelportalon\">\r\n                <img class=\"img-responsive img-center\" src=\"https:\/\/veszpremikamara.hu\/uploads\/feed_items\/small-flat-lay-calendar-laptop-arrangement-17748771816925.jpg\" alt=\"\u00dajabb digit\u00e1lis szolg\u00e1ltat\u00e1s a NAV-n\u00e1l: Meg\u00fajult az Ad\u00f3napt\u00e1r az \u00dcgyf\u00e9lport\u00e1lon\">\r\n            <\/a>\r\n        <\/div>\r\n        <div class=\"col-xs-7 info\">\r\n            <div class=\"title\"><a  href=\"https:\/\/veszpremikamara.hu\/index.php\/hirek\/ujabb-digitalis-szolgaltatas-a-nav-nal-megujult-az-adonaptar-az-ugyfelportalon\">\u00dajabb digit\u00e1lis szolg\u00e1ltat\u00e1s a NAV-n\u00e1l: Meg\u00fajult az Ad\u00f3napt\u00e1r az \u00dcgyf\u00e9lport\u00e1lon<\/a><\/div>\r\n                            <ul class=\"categories\">\r\n                                            <li><a style=\"background: rgba(44,40,48,0.59); color: #ffffff\" href=\"https:\/\/veszpremikamara.hu\/index.php\/hirek\/gazdasag\">Gazdas\u00e1g<\/a><\/li>\r\n                                            <li><a style=\"background: #ff0000; color: #ffffff\" href=\"https:\/\/veszpremikamara.hu\/index.php\/hirek\/nav-hirek\">NAV h\u00edrek<\/a><\/li>\r\n                                        <li><span class=\"public-at\">2026. m\u00e1rcius 30.<\/span><\/li>\r\n                <\/ul>\r\n                        <div class=\"desc\"><p style=\"text-align:justify\">A Nemzeti Ad\u00f3- \u00e9s V\u00e1mhivatal (NAV) hat\u00e1rid\u0151-k\u00f6vet\u0151 szolg\u00e1ltat\u00e1sa seg\u00edt a naprak\u00e9sz ad\u00f3\u00fcgyint\u00e9z\u00e9sben.<\/p><\/div>\r\n        <\/div>\r\n    <\/div>\r\n        <\/div>\r\n            <div class=\"col-md-6 inline-col feed-item\">\r\n            <div class=\"clearfix\">\r\n        <div class=\"col-xs-12 img  \">\r\n            <a  href=\"https:\/\/veszpremikamara.hu\/index.php\/hirek\/a-cukraszdak-szamara-2026-aprilis-8-tol-elerhetove-valik-a-kombinalt-finanszirozasu-tamogatas\">\r\n                <img class=\"img-responsive img-center\" src=\"https:\/\/veszpremikamara.hu\/uploads\/feed_items\/small-cafe-1920-17748651258379.jpg\" alt=\"A cukr\u00e1szd\u00e1k sz\u00e1m\u00e1ra 2026. \u00e1prilis 8-t\u00f3l el\u00e9rhet\u0151v\u00e9 v\u00e1lik a kombin\u00e1lt finansz\u00edroz\u00e1s\u00fa t\u00e1mogat\u00e1s\">\r\n            <\/a>\r\n        <\/div>\r\n        <div class=\"col-xs-7 info\">\r\n            <div class=\"title\"><a  href=\"https:\/\/veszpremikamara.hu\/index.php\/hirek\/a-cukraszdak-szamara-2026-aprilis-8-tol-elerhetove-valik-a-kombinalt-finanszirozasu-tamogatas\">A cukr\u00e1szd\u00e1k sz\u00e1m\u00e1ra 2026. \u00e1prilis 8-t\u00f3l el\u00e9rhet\u0151v\u00e9 v\u00e1lik a kombin\u00e1lt finansz\u00edroz\u00e1s\u00fa t\u00e1mogat\u00e1s<\/a><\/div>\r\n                            <ul class=\"categories\">\r\n                                            <li><a style=\"background: rgba(232,136,43,0.95); color: #ffffff\" href=\"https:\/\/veszpremikamara.hu\/index.php\/hirek\/gazdasagfejlesztes\">Gazdas\u00e1gfejleszt\u00e9s<\/a><\/li>\r\n                                            <li><a style=\"background: rgba(44,40,48,0.59); color: #ffffff\" href=\"https:\/\/veszpremikamara.hu\/index.php\/hirek\/gazdasag\">Gazdas\u00e1g<\/a><\/li>\r\n                                        <li><span class=\"public-at\">2026. m\u00e1rcius 30.<\/span><\/li>\r\n                <\/ul>\r\n                        <div class=\"desc\"><p style=\"text-align:justify\">A Kisfaludy Turisztikai K\u00f6zpont (KTH) 2026. m\u00e1rcius 23-\u00e1n bejelentette, hogy \u00e1prilis 8-t\u00f3l a cukr\u00e1szd\u00e1k is jogosultak lesznek a korm\u00e1ny \u00e1ltal bejelentett 5+1 pontb\u00f3l \u00e1ll\u00f3 vend\u00e9gl\u00e1t\u00f3ipari akci\u00f3terv r\u00e9sz\u00e9ben ig\u00e9nybe venni a kombin\u00e1lt finansz\u00edroz\u00e1s\u00fa t\u00e1mogat\u00e1st.<\/p><\/div>\r\n        <\/div>\r\n    <\/div>\r\n        <\/div>\r\n            <div class=\"col-md-6 inline-col feed-item\">\r\n            <div class=\"clearfix\">\r\n        <div class=\"col-xs-12 img  \">\r\n            <a  href=\"https:\/\/veszpremikamara.hu\/index.php\/hirek\/cegeladas-kulfoldi-vevonek-szigorubb-fdi-szabalyok-es-hosszabb-atfutasi-idok\">\r\n                <img class=\"img-responsive img-center\" src=\"https:\/\/veszpremikamara.hu\/uploads\/feed_items\/small-handshake-1920-1774863399318.jpg\" alt=\"C\u00e9gelad\u00e1s k\u00fclf\u00f6ldi vev\u0151nek: szigor\u00fabb FDI-szab\u00e1lyok \u00e9s hosszabb \u00e1tfut\u00e1si id\u0151k\">\r\n            <\/a>\r\n        <\/div>\r\n        <div class=\"col-xs-7 info\">\r\n            <div class=\"title\"><a  href=\"https:\/\/veszpremikamara.hu\/index.php\/hirek\/cegeladas-kulfoldi-vevonek-szigorubb-fdi-szabalyok-es-hosszabb-atfutasi-idok\">C\u00e9gelad\u00e1s k\u00fclf\u00f6ldi vev\u0151nek: szigor\u00fabb FDI-szab\u00e1lyok \u00e9s hosszabb \u00e1tfut\u00e1si id\u0151k<\/a><\/div>\r\n                            <ul class=\"categories\">\r\n                                            <li><a style=\"background: rgba(44,40,48,0.59); color: #ffffff\" href=\"https:\/\/veszpremikamara.hu\/index.php\/hirek\/gazdasag\">Gazdas\u00e1g<\/a><\/li>\r\n                                        <li><span class=\"public-at\">2026. m\u00e1rcius 30.<\/span><\/li>\r\n                <\/ul>\r\n                        <div class=\"desc\"><p style=\"text-align:justify\">2025 m\u00e1sodik fel\u00e9t\u0151l \u00faj, t\u00f6rv\u00e9nyi szint\u0171 szab\u00e1lyoz\u00e1s vonatkozik a Magyarorsz\u00e1gra ir\u00e1nyul\u00f3 k\u00fclf\u00f6ldi k\u00f6zvetlent\u0151ke-befektet\u00e9sekre (FDI).<\/p><\/div>\r\n        <\/div>\r\n    <\/div>\r\n        <\/div>\r\n            <div class=\"col-md-6 inline-col feed-item\">\r\n            <div class=\"clearfix\">\r\n        <div class=\"col-xs-12 img  \">\r\n            <a  href=\"https:\/\/veszpremikamara.hu\/index.php\/hirek\/uj-tajekoztato-aloldalt-inditott-a-nav-az-anyk-atallashoz\">\r\n                <img class=\"img-responsive img-center\" src=\"https:\/\/veszpremikamara.hu\/uploads\/feed_items\/small-nemzeti-ado-es-vamhivatal-nav-logo-vector-1-17748630415869.png\" alt=\"\u00daj t\u00e1j\u00e9koztat\u00f3 aloldalt ind\u00edtott a NAV az \u00c1NYK-\u00e1t\u00e1ll\u00e1shoz\">\r\n            <\/a>\r\n        <\/div>\r\n        <div class=\"col-xs-7 info\">\r\n            <div class=\"title\"><a  href=\"https:\/\/veszpremikamara.hu\/index.php\/hirek\/uj-tajekoztato-aloldalt-inditott-a-nav-az-anyk-atallashoz\">\u00daj t\u00e1j\u00e9koztat\u00f3 aloldalt ind\u00edtott a NAV az \u00c1NYK-\u00e1t\u00e1ll\u00e1shoz<\/a><\/div>\r\n                            <ul class=\"categories\">\r\n                                            <li><a style=\"background: rgba(44,40,48,0.59); color: #ffffff\" href=\"https:\/\/veszpremikamara.hu\/index.php\/hirek\/gazdasag\">Gazdas\u00e1g<\/a><\/li>\r\n                                            <li><a style=\"background: #ff0000; color: #ffffff\" href=\"https:\/\/veszpremikamara.hu\/index.php\/hirek\/nav-hirek\">NAV h\u00edrek<\/a><\/li>\r\n                                        <li><span class=\"public-at\">2026. m\u00e1rcius 30.<\/span><\/li>\r\n                <\/ul>\r\n                        <div class=\"desc\"><p style=\"text-align:justify\">A Nemzeti Ad\u00f3- \u00e9s V\u00e1mhivatal (NAV) kivezeti az \u00c1ltal\u00e1nos Nyomtatv\u00e1nykit\u00f6lt\u0151 Keretprogramot (\u00c1NYK): a jelenlegi rendszer 2026. december 31-\u00e9n megsz\u0171nik, hely\u00e9t pedig 2027. janu\u00e1r 1-j\u00e9t\u0151l egy \u00faj, kiz\u00e1r\u00f3lagos platform veszi \u00e1t.<\/p><\/div>\r\n        <\/div>\r\n    <\/div>\r\n        <\/div>\r\n            <div class=\"col-md-6 inline-col feed-item\">\r\n            <div class=\"clearfix\">\r\n        <div class=\"col-xs-12 img  \">\r\n            <a  href=\"https:\/\/veszpremikamara.hu\/index.php\/hirek\/az-mkik-es-a-teruleti-kamarak-feladatai-kibovulnek-2027-januar-1-tol\">\r\n                <img class=\"img-responsive img-center\" src=\"https:\/\/veszpremikamara.hu\/uploads\/feed_items\/small-mkik-cimer-logo-pozitiv-17745292168167.png\" alt=\"Az MKIK \u00e9s a ter\u00fcleti kamar\u00e1k feladatai kib\u0151v\u00fclnek 2027. janu\u00e1r 1-t\u0151l\">\r\n            <\/a>\r\n        <\/div>\r\n        <div class=\"col-xs-7 info\">\r\n            <div class=\"title\"><a  href=\"https:\/\/veszpremikamara.hu\/index.php\/hirek\/az-mkik-es-a-teruleti-kamarak-feladatai-kibovulnek-2027-januar-1-tol\">Az MKIK \u00e9s a ter\u00fcleti kamar\u00e1k feladatai kib\u0151v\u00fclnek 2027. janu\u00e1r 1-t\u0151l<\/a><\/div>\r\n                            <ul class=\"categories\">\r\n                                            <li><a style=\"background: #921a1d; color: #ffffff\" href=\"https:\/\/veszpremikamara.hu\/index.php\/hirek\/kamara\">Kamara<\/a><\/li>\r\n                                            <li><a style=\"background: rgba(232,136,43,0.95); color: #ffffff\" href=\"https:\/\/veszpremikamara.hu\/index.php\/hirek\/gazdasagfejlesztes\">Gazdas\u00e1gfejleszt\u00e9s<\/a><\/li>\r\n                                        <li><span class=\"public-at\">2026. m\u00e1rcius 26.<\/span><\/li>\r\n                <\/ul>\r\n                        <div class=\"desc\"><p style=\"text-align:justify\">A&nbsp;<a href=\"https:\/\/mkik.hu\/hirek\/2027-tol-egyablakos-ugyintezessel-tamogatja-a-vallalkozokat-a-kamara\" target=\"_blank\">Magyar Kereskedelmi \u00e9s Iparkamara (MKIK)<\/a>&nbsp;\u00e9s a ter\u00fcleti kereskedelmi \u00e9s iparkamar\u00e1k feladatk\u00f6re jelent\u0151sen b\u0151v\u00fcl 2027. janu\u00e1r 1-j\u00e9t\u0151l.&nbsp;&nbsp;<\/p><\/div>\r\n        <\/div>\r\n    <\/div>\r\n        <\/div>\r\n            <div class=\"col-md-6 inline-col feed-item\">\r\n            <div class=\"clearfix\">\r\n        <div class=\"col-xs-12 img  \">\r\n            <a  href=\"https:\/\/veszpremikamara.hu\/index.php\/hirek\/ai-muhelykonferencia-mesterseges-intelligencia-az-uzleti-gyakorlatban\">\r\n                <img class=\"img-responsive img-center\" src=\"https:\/\/veszpremikamara.hu\/uploads\/feed_items\/small-20260326-17745175678306.jpg\" alt=\"AI m\u0171helykonferencia \u2013 Mesters\u00e9ges intelligencia az \u00fczleti gyakorlatban\">\r\n            <\/a>\r\n        <\/div>\r\n        <div class=\"col-xs-7 info\">\r\n            <div class=\"title\"><a  href=\"https:\/\/veszpremikamara.hu\/index.php\/hirek\/ai-muhelykonferencia-mesterseges-intelligencia-az-uzleti-gyakorlatban\">AI m\u0171helykonferencia \u2013 Mesters\u00e9ges intelligencia az \u00fczleti gyakorlatban<\/a><\/div>\r\n                            <ul class=\"categories\">\r\n                                            <li><a style=\"background: rgba(232,136,43,0.95); color: #ffffff\" href=\"https:\/\/veszpremikamara.hu\/index.php\/hirek\/gazdasagfejlesztes\">Gazdas\u00e1gfejleszt\u00e9s<\/a><\/li>\r\n                                        <li><span class=\"public-at\">2026. m\u00e1rcius 26.<\/span><\/li>\r\n                <\/ul>\r\n                        <div class=\"desc\"><p style=\"text-align:justify\">2026. m\u00e1rcius 26-\u00e1n a&nbsp;Veszpr\u00e9m V\u00e1rmegyei Kereskedelmi \u00e9s Iparkamara, valamint a Magyar DigiLean Egyes\u00fclet szervez\u00e9s\u00e9ben&nbsp;AI m\u0171helykonferencia ker\u00fclt megrendez\u00e9sre, amelynek c\u00e9lja az volt, hogy a r\u00e9sztvev\u0151k \u00e1tfog\u00f3 k\u00e9pet kapjanak a mesters\u00e9ges intelligencia \u00fczleti alkalmaz\u00e1si lehet\u0151s\u00e9geir\u0151l.<\/p><\/div>\r\n        <\/div>\r\n    <\/div>\r\n        <\/div>\r\n    <\/div>\r\n\r\n<ul class=\"pagination\">\r\n                    <li class=\"left\"><a href=\"https:\/\/veszpremikamara.hu\/index.php\/api\/feeds\/page?page=5\" rel=\"prev\"><span class=\"icon icon-arrow-flat-left\"><\/span><\/a><\/li>\r\n        \r\n                    \r\n                                                                        <li><a href=\"https:\/\/veszpremikamara.hu\/index.php\/api\/feeds\/page?page=1\">01<\/a><\/li>\r\n                                                                                <li><a href=\"https:\/\/veszpremikamara.hu\/index.php\/api\/feeds\/page?page=2\">02<\/a><\/li>\r\n                                                                                <li><a href=\"https:\/\/veszpremikamara.hu\/index.php\/api\/feeds\/page?page=3\">03<\/a><\/li>\r\n                                                                                <li><a href=\"https:\/\/veszpremikamara.hu\/index.php\/api\/feeds\/page?page=4\">04<\/a><\/li>\r\n                                                                                <li><a href=\"https:\/\/veszpremikamara.hu\/index.php\/api\/feeds\/page?page=5\">05<\/a><\/li>\r\n                                                                                <li class=\"active\"><span>06<\/span><\/li>\r\n                                                                                <li><a href=\"https:\/\/veszpremikamara.hu\/index.php\/api\/feeds\/page?page=7\">07<\/a><\/li>\r\n                                                                                <li><a href=\"https:\/\/veszpremikamara.hu\/index.php\/api\/feeds\/page?page=8\">08<\/a><\/li>\r\n                                                                                    <li class=\"disabled\"><span>...<\/span><\/li>\r\n            \r\n                                \r\n                                                                        <li><a href=\"https:\/\/veszpremikamara.hu\/index.php\/api\/feeds\/page?page=175\">175<\/a><\/li>\r\n                                                                                <li><a href=\"https:\/\/veszpremikamara.hu\/index.php\/api\/feeds\/page?page=176\">176<\/a><\/li>\r\n                                                        \r\n                    <li class=\"right\"><a href=\"https:\/\/veszpremikamara.hu\/index.php\/api\/feeds\/page?page=7\" rel=\"next\"><span class=\"icon icon-arrow-flat-right\"><\/span><\/a><\/li>\r\n            <\/ul>\r\n\r\n","page":"6"}