{"content":"<div class=\"row inline-row\">\r\n                <div class=\"col-md-6 inline-col feed-item\">\r\n            <div class=\"clearfix\">\r\n        <div class=\"col-xs-12 img  \">\r\n            <a  href=\"https:\/\/veszpremikamara.hu\/index.php\/hirek\/7-jel-amibol-felismerheto-a-nav-neveben-erkezo-csalas\">\r\n                <img class=\"img-responsive img-center\" src=\"https:\/\/veszpremikamara.hu\/uploads\/feed_items\/small-untitled-design-1774521495161.png\" alt=\"7 jel, amib\u0151l felismerhet\u0151 a NAV nev\u00e9ben \u00e9rkez\u0151 csal\u00e1s\">\r\n            <\/a>\r\n        <\/div>\r\n        <div class=\"col-xs-7 info\">\r\n            <div class=\"title\"><a  href=\"https:\/\/veszpremikamara.hu\/index.php\/hirek\/7-jel-amibol-felismerheto-a-nav-neveben-erkezo-csalas\">7 jel, amib\u0151l felismerhet\u0151 a NAV nev\u00e9ben \u00e9rkez\u0151 csal\u00e1s<\/a><\/div>\r\n                            <ul class=\"categories\">\r\n                                            <li><a style=\"background: #ff0000; color: #ffffff\" href=\"https:\/\/veszpremikamara.hu\/index.php\/hirek\/nav-hirek\">NAV h\u00edrek<\/a><\/li>\r\n                                        <li><span class=\"public-at\">2026. m\u00e1rcius 26.<\/span><\/li>\r\n                <\/ul>\r\n                        <div class=\"desc\"><p style=\"text-align:justify\">A NAV a napokban t\u00e1j\u00e9koztatja az \u00fcgyfeleket a g\u00e9pj\u00e1rm\u0171ad\u00f3 \u00f6sszeg\u00e9r\u0151l, valamint az szja-bevall\u00e1si tervezetek el\u00e9rhet\u0151s\u00e9g\u00e9r\u0151l. A sokakat \u00e9rint\u0151 id\u0151szakot azonban a csal\u00f3k is kihaszn\u00e1lj\u00e1k: \u00e9leth\u0171 kamuoldalakon igyekeznek bankk\u00e1rtyaadatokat szerezni.&nbsp;<\/p><\/div>\r\n        <\/div>\r\n    <\/div>\r\n        <\/div>\r\n            <div class=\"col-md-6 inline-col feed-item\">\r\n            <div class=\"clearfix\">\r\n        <div class=\"col-xs-12 img  \">\r\n            <a  href=\"https:\/\/veszpremikamara.hu\/index.php\/hirek\/konyvelokkel-a-dualis-kepzesert-szakkepzesi-tajekoztato-2026\">\r\n                <img class=\"img-responsive img-center\" src=\"https:\/\/veszpremikamara.hu\/uploads\/feed_items\/small-img-5901-2-17743584203259.jpg\" alt=\"K\u00f6nyvel\u0151kkel a du\u00e1lis k\u00e9pz\u00e9s\u00e9rt - Szakk\u00e9pz\u00e9si t\u00e1j\u00e9koztat\u00f3 2026.\">\r\n            <\/a>\r\n        <\/div>\r\n        <div class=\"col-xs-7 info\">\r\n            <div class=\"title\"><a  href=\"https:\/\/veszpremikamara.hu\/index.php\/hirek\/konyvelokkel-a-dualis-kepzesert-szakkepzesi-tajekoztato-2026\">K\u00f6nyvel\u0151kkel a du\u00e1lis k\u00e9pz\u00e9s\u00e9rt - Szakk\u00e9pz\u00e9si t\u00e1j\u00e9koztat\u00f3 2026.<\/a><\/div>\r\n                            <ul class=\"categories\">\r\n                                            <li><a style=\"background: #921a1d; color: #ffffff\" href=\"https:\/\/veszpremikamara.hu\/index.php\/hirek\/kamara\">Kamara<\/a><\/li>\r\n                                            <li><a style=\"background: rgba(151,75,138,0.95); color: #ffffff\" href=\"https:\/\/veszpremikamara.hu\/index.php\/hirek\/szakkepzes\">Szakk\u00e9pz\u00e9s<\/a><\/li>\r\n                                        <li><span class=\"public-at\">2026. m\u00e1rcius 24.<\/span><\/li>\r\n                <\/ul>\r\n                        <div class=\"desc\"><p style=\"text-align:justify\">A Veszpr\u00e9m V\u00e1rmegyei Kereskedelmi \u00e9s Iparkamara a <strong>VKIK Akad\u00e9mia<\/strong> keret\u00e9ben 2026. m\u00e1rcius 24-\u00e9n megszervezte <strong>\u201eK\u00f6nyvel\u0151kkel a du\u00e1lis k\u00e9pz\u00e9s\u00e9rt\u201d<\/strong> c\u00edm\u0171 t\u00e1j\u00e9koztat\u00f3 rendezv\u00e9ny\u00e9t.<\/p><\/div>\r\n        <\/div>\r\n    <\/div>\r\n        <\/div>\r\n            <div class=\"col-md-6 inline-col feed-item\">\r\n            <div class=\"clearfix\">\r\n        <div class=\"col-xs-12 img  \">\r\n            <a  href=\"https:\/\/veszpremikamara.hu\/index.php\/hirek\/a-donto-kuszoben-varmegyei-versenyzok-a-szakma-sztar-fesztivalon\">\r\n                <img class=\"img-responsive img-center\" src=\"https:\/\/veszpremikamara.hu\/uploads\/feed_items\/small-szakmasztar2222-17743347362372.jpg\" alt=\"A d\u00f6nt\u0151 k\u00fcsz\u00f6b\u00e9n \u2013 v\u00e1rmegyei versenyz\u0151k a Szakma Szt\u00e1r Fesztiv\u00e1lon\">\r\n            <\/a>\r\n        <\/div>\r\n        <div class=\"col-xs-7 info\">\r\n            <div class=\"title\"><a  href=\"https:\/\/veszpremikamara.hu\/index.php\/hirek\/a-donto-kuszoben-varmegyei-versenyzok-a-szakma-sztar-fesztivalon\">A d\u00f6nt\u0151 k\u00fcsz\u00f6b\u00e9n \u2013 v\u00e1rmegyei versenyz\u0151k a Szakma Szt\u00e1r Fesztiv\u00e1lon<\/a><\/div>\r\n                            <ul class=\"categories\">\r\n                                            <li><a style=\"background: rgba(151,75,138,0.95); color: #ffffff\" href=\"https:\/\/veszpremikamara.hu\/index.php\/hirek\/szakkepzes\">Szakk\u00e9pz\u00e9s<\/a><\/li>\r\n                                        <li><span class=\"public-at\">2026. m\u00e1rcius 23.<\/span><\/li>\r\n                <\/ul>\r\n                        <div class=\"desc\"><p style=\"text-align:justify\">A Magyar Kereskedelmi \u00e9s Iparkamara \u00e1ltal szervezett <strong>Szakma Kiv\u00e1l\u00f3 Tanul\u00f3ja Verseny (SZKTV)<\/strong> \u00e9s az <strong>Orsz\u00e1gos Szakmai Tanulm\u00e1nyi Verseny (OSZTV)<\/strong> a 2025\/2026-os tan\u00e9vben is el\u00e9rkezett a legizgalmasabb szakasz\u00e1hoz.<\/p><\/div>\r\n        <\/div>\r\n    <\/div>\r\n        <\/div>\r\n            <div class=\"col-md-6 inline-col feed-item\">\r\n            <div class=\"clearfix\">\r\n        <div class=\"col-xs-12 img  \">\r\n            <a  href=\"https:\/\/veszpremikamara.hu\/index.php\/hirek\/gazdasagi-evnyito-2026-fokuszban-a-kilatasok-es-a-strategiai-iranyok\">\r\n                <img class=\"img-responsive img-center\" src=\"https:\/\/veszpremikamara.hu\/uploads\/feed_items\/small-vkik-gazdasagi-evnyito-2026-fb-17743657065992.jpg\" alt=\"Gazdas\u00e1gi \u00c9vnyit\u00f3 2026 \u2013 f\u00f3kuszban a kil\u00e1t\u00e1sok \u00e9s a strat\u00e9giai ir\u00e1nyok\">\r\n            <\/a>\r\n        <\/div>\r\n        <div class=\"col-xs-7 info\">\r\n            <div class=\"title\"><a  href=\"https:\/\/veszpremikamara.hu\/index.php\/hirek\/gazdasagi-evnyito-2026-fokuszban-a-kilatasok-es-a-strategiai-iranyok\">Gazdas\u00e1gi \u00c9vnyit\u00f3 2026 \u2013 f\u00f3kuszban a kil\u00e1t\u00e1sok \u00e9s a strat\u00e9giai ir\u00e1nyok<\/a><\/div>\r\n                            <ul class=\"categories\">\r\n                                            <li><a style=\"background: #921a1d; color: #ffffff\" href=\"https:\/\/veszpremikamara.hu\/index.php\/hirek\/kamara\">Kamara<\/a><\/li>\r\n                                            <li><a style=\"background: rgba(44,40,48,0.59); color: #ffffff\" href=\"https:\/\/veszpremikamara.hu\/index.php\/hirek\/gazdasag\">Gazdas\u00e1g<\/a><\/li>\r\n                                        <li><span class=\"public-at\">2026. m\u00e1rcius 23.<\/span><\/li>\r\n                <\/ul>\r\n                        <div class=\"desc\"><p style=\"text-align:justify\">2026. m\u00e1rcius 23-\u00e1n rendezte meg hagyom\u00e1nyos Gazdas\u00e1gi \u00c9vnyit\u00f3 esem\u00e9ny\u00e9t a Veszpr\u00e9m V\u00e1rmegyei Kereskedelmi \u00e9s Iparkamara, amely id\u00e9n is a hazai gazdas\u00e1gi k\u00f6rnyezet \u00e9s a j\u00f6v\u0151beni kil\u00e1t\u00e1sok pragmatikus \u00e1ttekint\u00e9s\u00e9re helyezte a hangs\u00falyt.<\/p><\/div>\r\n        <\/div>\r\n    <\/div>\r\n        <\/div>\r\n            <div class=\"col-md-6 inline-col feed-item\">\r\n            <div class=\"clearfix\">\r\n        <div class=\"col-xs-12 img  \">\r\n            <a  href=\"https:\/\/veszpremikamara.hu\/index.php\/hirek\/2026-majus-1-jetol-ideiglenesen-alkalmazando-az-eumercosur-megallapodas\">\r\n                <img class=\"img-responsive img-center\" src=\"\/images\/no-feed-item.jpg\" alt=\"2026. m\u00e1jus 1-j\u00e9t\u0151l ideiglenesen alkalmazand\u00f3 az EU\u2013Mercosur meg\u00e1llapod\u00e1s\">\r\n            <\/a>\r\n        <\/div>\r\n        <div class=\"col-xs-7 info\">\r\n            <div class=\"title\"><a  href=\"https:\/\/veszpremikamara.hu\/index.php\/hirek\/2026-majus-1-jetol-ideiglenesen-alkalmazando-az-eumercosur-megallapodas\">2026. m\u00e1jus 1-j\u00e9t\u0151l ideiglenesen alkalmazand\u00f3 az EU\u2013Mercosur meg\u00e1llapod\u00e1s<\/a><\/div>\r\n                            <ul class=\"categories\">\r\n                                            <li><a style=\"background: rgba(51,122,183,0.95); color: #ffffff\" href=\"https:\/\/veszpremikamara.hu\/index.php\/hirek\/europe-direct\">Europe Direct<\/a><\/li>\r\n                                            <li><a style=\"background: rgba(44,40,48,0.59); color: #ffffff\" href=\"https:\/\/veszpremikamara.hu\/index.php\/hirek\/gazdasag\">Gazdas\u00e1g<\/a><\/li>\r\n                                        <li><span class=\"public-at\">2026. m\u00e1rcius 23.<\/span><\/li>\r\n                <\/ul>\r\n                        <div class=\"desc\"><p style=\"text-align:justify\">Az EU megk\u00fcldte az EU\u2013Mercosur ideiglenes kereskedelmi meg\u00e1llapod\u00e1s ideiglenes alkalmaz\u00e1s\u00e1r\u00f3l sz\u00f3l\u00f3 okiratot a Mercosur-orsz\u00e1goknak. Az Eur\u00f3pai Bizotts\u00e1g azzal, hogy \u00fan. sz\u00f3beli jegyz\u00e9ket k\u00fcld\u00f6tt Paraguaynak, a Mercosur-meg\u00e1llapod\u00e1s t\u00f6rv\u00e9nyes \u0151r\u00e9nek, megtette az ideiglenes alkalmaz\u00e1shoz sz\u00fcks\u00e9ges utols\u00f3 elj\u00e1r\u00e1si l\u00e9p\u00e9st.<\/p><\/div>\r\n        <\/div>\r\n    <\/div>\r\n        <\/div>\r\n            <div class=\"col-md-6 inline-col feed-item\">\r\n            <div class=\"clearfix\">\r\n        <div class=\"col-xs-12 img  \">\r\n            <a  href=\"https:\/\/veszpremikamara.hu\/index.php\/hirek\/i-space-info-day\">\r\n                <img class=\"img-responsive img-center\" src=\"https:\/\/veszpremikamara.hu\/uploads\/feed_items\/small-ditador-nicastro-earth-1920-17742600477545.jpg\" alt=\"I. Space Info Day\">\r\n            <\/a>\r\n        <\/div>\r\n        <div class=\"col-xs-7 info\">\r\n            <div class=\"title\"><a  href=\"https:\/\/veszpremikamara.hu\/index.php\/hirek\/i-space-info-day\">I. Space Info Day<\/a><\/div>\r\n                            <ul class=\"categories\">\r\n                                            <li><a style=\"background: rgba(44,40,48,0.59); color: #ffffff\" href=\"https:\/\/veszpremikamara.hu\/index.php\/hirek\/gazdasag\">Gazdas\u00e1g<\/a><\/li>\r\n                                            <li><a style=\"background: rgba(44,40,48,0.59); color: #ffffff\" href=\"https:\/\/veszpremikamara.hu\/index.php\/hirek\/innovacio\">Innov\u00e1ci\u00f3<\/a><\/li>\r\n                                        <li><span class=\"public-at\">2026. m\u00e1rcius 23.<\/span><\/li>\r\n                <\/ul>\r\n                        <div class=\"desc\"><p style=\"text-align:justify\">A&nbsp;<a href=\"https:\/\/hunspace.org\/\" target=\"_blank\">Magyar \u0170ripari Klaszter Egyes\u00fclet<\/a>&nbsp;egy n\u00e9gy r\u00e9szb\u0151l \u00e1ll\u00f3 rendezv\u00e9nysorozatot szervez Space Info Day elnevez\u00e9ssel, melyre minden olyan v\u00e1llalkoz\u00e1st \u00e9s szervezetet v\u00e1rnak, amelyek \u00e9rdekeltek valamilyen form\u00e1ban az \u0171riparban.<\/p><\/div>\r\n        <\/div>\r\n    <\/div>\r\n        <\/div>\r\n            <div class=\"col-md-6 inline-col feed-item\">\r\n            <div class=\"clearfix\">\r\n        <div class=\"col-xs-12 img  \">\r\n            <a  href=\"https:\/\/veszpremikamara.hu\/index.php\/hirek\/szakmai-fejlodes-es-hatarteruletek-a-labapolasban\">\r\n                <img class=\"img-responsive img-center\" src=\"https:\/\/veszpremikamara.hu\/uploads\/feed_items\/small-img-7298-1-17740975419022.jpeg\" alt=\"Szakmai fejl\u0151d\u00e9s \u00e9s hat\u00e1rter\u00fcletek a l\u00e1b\u00e1pol\u00e1sban\">\r\n            <\/a>\r\n        <\/div>\r\n        <div class=\"col-xs-7 info\">\r\n            <div class=\"title\"><a  href=\"https:\/\/veszpremikamara.hu\/index.php\/hirek\/szakmai-fejlodes-es-hatarteruletek-a-labapolasban\">Szakmai fejl\u0151d\u00e9s \u00e9s hat\u00e1rter\u00fcletek a l\u00e1b\u00e1pol\u00e1sban<\/a><\/div>\r\n                            <ul class=\"categories\">\r\n                                            <li><a style=\"background: #921a1d; color: #ffffff\" href=\"https:\/\/veszpremikamara.hu\/index.php\/hirek\/kamara\">Kamara<\/a><\/li>\r\n                                            <li><a style=\"background: rgba(151,75,138,0.95); color: #ffffff\" href=\"https:\/\/veszpremikamara.hu\/index.php\/hirek\/szakkepzes\">Szakk\u00e9pz\u00e9s<\/a><\/li>\r\n                                        <li><span class=\"public-at\">2026. m\u00e1rcius 21.<\/span><\/li>\r\n                <\/ul>\r\n                        <div class=\"desc\"><p style=\"text-align:justify\">Kamar\u00e1nk szakmai f\u00f3rumot szervezett l\u00e1b\u00e1pol\u00f3 szakemberek r\u00e9sz\u00e9re, ahol a r\u00e9sztvev\u0151k naprak\u00e9sz tud\u00e1st, gyakorlati tapasztalatokat \u00e9s \u00faj szakmai szeml\u00e9leteket ismerhettek meg.&nbsp;<\/p>\r\n\r\n<p style=\"text-align:justify\">&nbsp;<\/p><\/div>\r\n        <\/div>\r\n    <\/div>\r\n        <\/div>\r\n            <div class=\"col-md-6 inline-col feed-item\">\r\n            <div class=\"clearfix\">\r\n        <div class=\"col-xs-12 img  \">\r\n            <a  href=\"https:\/\/veszpremikamara.hu\/index.php\/hirek\/uzleti-reggeli-ajkan-fokuszban-a-varosfejlesztes\">\r\n                <img class=\"img-responsive img-center\" src=\"https:\/\/veszpremikamara.hu\/uploads\/feed_items\/small-1000031909-17739939962605.jpg\" alt=\"\u00dczleti reggeli Ajk\u00e1n - f\u00f3kuszban a v\u00e1rosfejleszt\u00e9s\">\r\n            <\/a>\r\n        <\/div>\r\n        <div class=\"col-xs-7 info\">\r\n            <div class=\"title\"><a  href=\"https:\/\/veszpremikamara.hu\/index.php\/hirek\/uzleti-reggeli-ajkan-fokuszban-a-varosfejlesztes\">\u00dczleti reggeli Ajk\u00e1n - f\u00f3kuszban a v\u00e1rosfejleszt\u00e9s<\/a><\/div>\r\n                            <ul class=\"categories\">\r\n                                            <li><a style=\"background: rgba(232,136,43,0.95); color: #ffffff\" href=\"https:\/\/veszpremikamara.hu\/index.php\/hirek\/gazdasagfejlesztes\">Gazdas\u00e1gfejleszt\u00e9s<\/a><\/li>\r\n                                        <li><span class=\"public-at\">2026. m\u00e1rcius 20.<\/span><\/li>\r\n                <\/ul>\r\n                        <div class=\"desc\"><p style=\"text-align:justify\">A Veszpr\u00e9m V\u00e1rmegyei Kereskedelmi \u00e9s Iparkamara 2026. m\u00e1rcius 20-\u00e1n Ajk\u00e1n tartott&nbsp;\u00fczleti reggelit, ahol&nbsp;a t\u00e9rs\u00e9g v\u00e1llalkoz\u00f3i, valamint helyi \u00e9s orsz\u00e1gos d\u00f6nt\u00e9shoz\u00f3k vettek r\u00e9szt annak \u00e9rdek\u00e9ben, hogy k\u00f6z\u00f6sen tekints\u00e9k \u00e1t a v\u00e1ros fejleszt\u00e9si ir\u00e1nyait.<\/p><\/div>\r\n        <\/div>\r\n    <\/div>\r\n        <\/div>\r\n    <\/div>\r\n\r\n<ul class=\"pagination\">\r\n                    <li class=\"left\"><a href=\"https:\/\/veszpremikamara.hu\/index.php\/api\/feeds\/page?page=6\" rel=\"prev\"><span class=\"icon icon-arrow-flat-left\"><\/span><\/a><\/li>\r\n        \r\n                    \r\n                                                                        <li><a href=\"https:\/\/veszpremikamara.hu\/index.php\/api\/feeds\/page?page=1\">01<\/a><\/li>\r\n                                                                                <li><a href=\"https:\/\/veszpremikamara.hu\/index.php\/api\/feeds\/page?page=2\">02<\/a><\/li>\r\n                                                                                    <li class=\"disabled\"><span>...<\/span><\/li>\r\n            \r\n                                \r\n                                                                        <li><a href=\"https:\/\/veszpremikamara.hu\/index.php\/api\/feeds\/page?page=4\">04<\/a><\/li>\r\n                                                                                <li><a href=\"https:\/\/veszpremikamara.hu\/index.php\/api\/feeds\/page?page=5\">05<\/a><\/li>\r\n                                                                                <li><a href=\"https:\/\/veszpremikamara.hu\/index.php\/api\/feeds\/page?page=6\">06<\/a><\/li>\r\n                                                                                <li class=\"active\"><span>07<\/span><\/li>\r\n                                                                                <li><a href=\"https:\/\/veszpremikamara.hu\/index.php\/api\/feeds\/page?page=8\">08<\/a><\/li>\r\n                                                                                <li><a href=\"https:\/\/veszpremikamara.hu\/index.php\/api\/feeds\/page?page=9\">09<\/a><\/li>\r\n                                                                                <li><a href=\"https:\/\/veszpremikamara.hu\/index.php\/api\/feeds\/page?page=10\">10<\/a><\/li>\r\n                                                                                    <li class=\"disabled\"><span>...<\/span><\/li>\r\n            \r\n                                \r\n                                                                        <li><a href=\"https:\/\/veszpremikamara.hu\/index.php\/api\/feeds\/page?page=175\">175<\/a><\/li>\r\n                                                                                <li><a href=\"https:\/\/veszpremikamara.hu\/index.php\/api\/feeds\/page?page=176\">176<\/a><\/li>\r\n                                                        \r\n                    <li class=\"right\"><a href=\"https:\/\/veszpremikamara.hu\/index.php\/api\/feeds\/page?page=8\" rel=\"next\"><span class=\"icon icon-arrow-flat-right\"><\/span><\/a><\/li>\r\n            <\/ul>\r\n\r\n","page":"7"}