{"content":"<div class=\"row inline-row\">\r\n                <div class=\"col-md-6 inline-col feed-item\">\r\n            <div class=\"clearfix\">\r\n        <div class=\"col-xs-12 img  \">\r\n            <a  href=\"https:\/\/veszpremikamara.hu\/index.php\/hirek\/valtozas-a-kormanyzati-it-gazdalkodasban\">\r\n                <img class=\"img-responsive img-center\" src=\"https:\/\/veszpremikamara.hu\/uploads\/feed_items\/small-webandi-keyboard-1920-17739233470193.jpg\" alt=\"V\u00e1ltoz\u00e1s a korm\u00e1nyzati IT-gazd\u00e1lkod\u00e1sban\">\r\n            <\/a>\r\n        <\/div>\r\n        <div class=\"col-xs-7 info\">\r\n            <div class=\"title\"><a  href=\"https:\/\/veszpremikamara.hu\/index.php\/hirek\/valtozas-a-kormanyzati-it-gazdalkodasban\">V\u00e1ltoz\u00e1s a korm\u00e1nyzati IT-gazd\u00e1lkod\u00e1sban<\/a><\/div>\r\n                            <ul class=\"categories\">\r\n                                            <li><a style=\"background: rgba(44,40,48,0.59); color: #ffffff\" href=\"https:\/\/veszpremikamara.hu\/index.php\/hirek\/gazdasag\">Gazdas\u00e1g<\/a><\/li>\r\n                                        <li><span class=\"public-at\">2026. m\u00e1rcius 19.<\/span><\/li>\r\n                <\/ul>\r\n                        <div class=\"desc\"><p style=\"text-align:justify\">Az \u00faj szab\u00e1lyoz\u00e1s c\u00e9lja egy \u00e1tl\u00e1that\u00f3bb, k\u00f6zponti beszerz\u00e9si strat\u00e9gi\u00e1ra \u00e9p\u00fcl\u0151, tudatosabb \u00e9s k\u00f6lts\u00e9ghat\u00e9konyabb szoftverhaszn\u00e1lati modell kialak\u00edt\u00e1sa.<\/p><\/div>\r\n        <\/div>\r\n    <\/div>\r\n        <\/div>\r\n            <div class=\"col-md-6 inline-col feed-item\">\r\n            <div class=\"clearfix\">\r\n        <div class=\"col-xs-12 img  \">\r\n            <a  href=\"https:\/\/veszpremikamara.hu\/index.php\/hirek\/kina-mint-strategiai-partner-uzleti-workshop-veszpremben\">\r\n                <img class=\"img-responsive img-center\" src=\"https:\/\/veszpremikamara.hu\/uploads\/feed_items\/small-dsc-4664-17739162320491.jpg\" alt=\"K\u00edna mint strat\u00e9giai partner \u2013 \u00fczleti workshop Veszpr\u00e9mben\">\r\n            <\/a>\r\n        <\/div>\r\n        <div class=\"col-xs-7 info\">\r\n            <div class=\"title\"><a  href=\"https:\/\/veszpremikamara.hu\/index.php\/hirek\/kina-mint-strategiai-partner-uzleti-workshop-veszpremben\">K\u00edna mint strat\u00e9giai partner \u2013 \u00fczleti workshop Veszpr\u00e9mben<\/a><\/div>\r\n                            <ul class=\"categories\">\r\n                                            <li><a style=\"background: #921a1d; color: #ffffff\" href=\"https:\/\/veszpremikamara.hu\/index.php\/hirek\/kamara\">Kamara<\/a><\/li>\r\n                                            <li><a style=\"background: rgba(232,136,43,0.95); color: #ffffff\" href=\"https:\/\/veszpremikamara.hu\/index.php\/hirek\/gazdasagfejlesztes\">Gazdas\u00e1gfejleszt\u00e9s<\/a><\/li>\r\n                                        <li><span class=\"public-at\">2026. m\u00e1rcius 19.<\/span><\/li>\r\n                <\/ul>\r\n                        <div class=\"desc\"><p style=\"text-align:justify\">A Veszpr\u00e9m V\u00e1rmegyei Kereskedelmi \u00e9s Iparkamara a ChinaCham Hungary Magyar-K\u00ednai Gazdas\u00e1gi Kamara, valamint a Malota Akad\u00e9mia k\u00f6zrem\u0171k\u00f6d\u00e9s\u00e9vel&nbsp;k\u00ednai k\u00fclgazdas\u00e1gi workshopot tartott, melynek&nbsp;c\u00e9lja az volt, hogy a hazai v\u00e1llalkoz\u00e1sok \u00e1tfog\u00f3 k\u00e9pet kapjanak K\u00edna gazdas\u00e1gi szerep\u00e9r\u0151l, \u00fczleti kult\u00far\u00e1j\u00e1r\u00f3l \u00e9s a piacra l\u00e9p\u00e9s lehet\u0151s\u00e9geir\u0151l.&nbsp;<\/p><\/div>\r\n        <\/div>\r\n    <\/div>\r\n        <\/div>\r\n            <div class=\"col-md-6 inline-col feed-item\">\r\n            <div class=\"clearfix\">\r\n        <div class=\"col-xs-12 img  \">\r\n            <a  href=\"https:\/\/veszpremikamara.hu\/index.php\/hirek\/elindult-az-ai-start-500-program-kkv-k-szamara\">\r\n                <img class=\"img-responsive img-center\" src=\"https:\/\/veszpremikamara.hu\/uploads\/feed_items\/small-depositphotos-l-17739180173577.jpg\" alt=\"Elindult az AI Start 500 program KKV-k sz\u00e1m\u00e1ra\">\r\n            <\/a>\r\n        <\/div>\r\n        <div class=\"col-xs-7 info\">\r\n            <div class=\"title\"><a  href=\"https:\/\/veszpremikamara.hu\/index.php\/hirek\/elindult-az-ai-start-500-program-kkv-k-szamara\">Elindult az AI Start 500 program KKV-k sz\u00e1m\u00e1ra<\/a><\/div>\r\n                            <ul class=\"categories\">\r\n                                            <li><a style=\"background: rgba(232,136,43,0.95); color: #ffffff\" href=\"https:\/\/veszpremikamara.hu\/index.php\/hirek\/gazdasagfejlesztes\">Gazdas\u00e1gfejleszt\u00e9s<\/a><\/li>\r\n                                            <li><a style=\"background: #921a1d; color: #ffffff\" href=\"https:\/\/veszpremikamara.hu\/index.php\/hirek\/palyazat\">P\u00e1ly\u00e1zat<\/a><\/li>\r\n                                        <li><span class=\"public-at\">2026. m\u00e1rcius 19.<\/span><\/li>\r\n                <\/ul>\r\n                        <div class=\"desc\"><p style=\"text-align:justify\">A hazai kis- \u00e9s k\u00f6z\u00e9pv\u00e1llalkoz\u00e1sok mesters\u00e9ges intelligencia alkalmaz\u00e1s\u00e1nak t\u00e1mogat\u00e1s\u00e1ra elindult az&nbsp;<a href=\"https:\/\/aikorkep.hu\/aistart500\" target=\"_blank\">AI Start 500 program<\/a>.&nbsp;<\/p><\/div>\r\n        <\/div>\r\n    <\/div>\r\n        <\/div>\r\n            <div class=\"col-md-6 inline-col feed-item\">\r\n            <div class=\"clearfix\">\r\n        <div class=\"col-xs-12 img  \">\r\n            <a  href=\"https:\/\/veszpremikamara.hu\/index.php\/hirek\/a-novekedes-arnyekaban-mit-jelent-ez-a-magyar-vallalkozasoknak\">\r\n                <img class=\"img-responsive img-center\" src=\"https:\/\/veszpremikamara.hu\/uploads\/feed_items\/small-stack-money-coin-with-trading-graph-17739156608275.jpg\" alt=\"A n\u00f6veked\u00e9s \u00e1rny\u00e9k\u00e1ban \u2013 mit jelent ez a magyar v\u00e1llalkoz\u00e1soknak?\">\r\n            <\/a>\r\n        <\/div>\r\n        <div class=\"col-xs-7 info\">\r\n            <div class=\"title\"><a  href=\"https:\/\/veszpremikamara.hu\/index.php\/hirek\/a-novekedes-arnyekaban-mit-jelent-ez-a-magyar-vallalkozasoknak\">A n\u00f6veked\u00e9s \u00e1rny\u00e9k\u00e1ban \u2013 mit jelent ez a magyar v\u00e1llalkoz\u00e1soknak?<\/a><\/div>\r\n                            <ul class=\"categories\">\r\n                                            <li><a style=\"background: rgba(232,136,43,0.95); color: #ffffff\" href=\"https:\/\/veszpremikamara.hu\/index.php\/hirek\/gazdasagfejlesztes\">Gazdas\u00e1gfejleszt\u00e9s<\/a><\/li>\r\n                                            <li><a style=\"background: rgba(44,40,48,0.59); color: #ffffff\" href=\"https:\/\/veszpremikamara.hu\/index.php\/hirek\/gazdasag\">Gazdas\u00e1g<\/a><\/li>\r\n                                        <li><span class=\"public-at\">2026. m\u00e1rcius 19.<\/span><\/li>\r\n                <\/ul>\r\n                        <div class=\"desc\"><p style=\"text-align:justify\">Az Eurostat&nbsp;<a href=\"https:\/\/ec.europa.eu\/eurostat\/web\/products-eurostat-news\/w\/ddn-20260306-3\" target=\"_blank\">friss adatai<\/a>&nbsp;szerint az Eur\u00f3pai Uni\u00f3 gazdas\u00e1ga 2025-ben 1,5%-kal n\u0151tt, ami javul\u00e1s a 2024-es 1,1%-hoz k\u00e9pest, de a n\u00f6veked\u00e9s er\u0151sen egyenl\u0151tlen az orsz\u00e1gok k\u00f6z\u00f6tt.<\/p><\/div>\r\n        <\/div>\r\n    <\/div>\r\n        <\/div>\r\n            <div class=\"col-md-6 inline-col feed-item\">\r\n            <div class=\"clearfix\">\r\n        <div class=\"col-xs-12 img  \">\r\n            <a  href=\"https:\/\/veszpremikamara.hu\/index.php\/hirek\/belso-ellenorzes-kiszervezese-miert-fontos-a-kkv-knak\">\r\n                <img class=\"img-responsive img-center\" src=\"https:\/\/veszpremikamara.hu\/uploads\/feed_items\/small-mohamed-hassan-quality-control-1920-17739154211388.png\" alt=\"Bels\u0151 ellen\u0151rz\u00e9s kiszervez\u00e9se \u2013 mi\u00e9rt fontos a KKV-knak?\">\r\n            <\/a>\r\n        <\/div>\r\n        <div class=\"col-xs-7 info\">\r\n            <div class=\"title\"><a  href=\"https:\/\/veszpremikamara.hu\/index.php\/hirek\/belso-ellenorzes-kiszervezese-miert-fontos-a-kkv-knak\">Bels\u0151 ellen\u0151rz\u00e9s kiszervez\u00e9se \u2013 mi\u00e9rt fontos a KKV-knak?<\/a><\/div>\r\n                            <ul class=\"categories\">\r\n                                            <li><a style=\"background: rgba(232,136,43,0.95); color: #ffffff\" href=\"https:\/\/veszpremikamara.hu\/index.php\/hirek\/gazdasagfejlesztes\">Gazdas\u00e1gfejleszt\u00e9s<\/a><\/li>\r\n                                        <li><span class=\"public-at\">2026. m\u00e1rcius 19.<\/span><\/li>\r\n                <\/ul>\r\n                        <div class=\"desc\"><p style=\"text-align:justify\">A bels\u0151 ellen\u0151rz\u00e9s kiszervez\u00e9se egyre elterjedtebb a v\u00e1llalkoz\u00e1sok k\u00f6r\u00e9ben, mivel ma m\u00e1r nem csup\u00e1n a szab\u00e1lytalans\u00e1gok felt\u00e1r\u00e1s\u00e1r\u00f3l sz\u00f3l, hanem a m\u0171k\u00f6d\u00e9s fejleszt\u00e9s\u00e9r\u0151l \u00e9s a vezet\u0151i d\u00f6nt\u00e9shozatal t\u00e1mogat\u00e1s\u00e1r\u00f3l is.<\/p><\/div>\r\n        <\/div>\r\n    <\/div>\r\n        <\/div>\r\n            <div class=\"col-md-6 inline-col feed-item\">\r\n            <div class=\"clearfix\">\r\n        <div class=\"col-xs-12 img  \">\r\n            <a  href=\"https:\/\/veszpremikamara.hu\/index.php\/hirek\/magyar-szabvanyugyi-testulet-hirlevel\">\r\n                <img class=\"img-responsive img-center\" src=\"https:\/\/veszpremikamara.hu\/uploads\/feed_items\/small-talhakhalil007-email-1920-17739141231464.png\" alt=\"Magyar Szabv\u00e1ny\u00fcgyi Test\u00fclet h\u00edrlev\u00e9l\">\r\n            <\/a>\r\n        <\/div>\r\n        <div class=\"col-xs-7 info\">\r\n            <div class=\"title\"><a  href=\"https:\/\/veszpremikamara.hu\/index.php\/hirek\/magyar-szabvanyugyi-testulet-hirlevel\">Magyar Szabv\u00e1ny\u00fcgyi Test\u00fclet h\u00edrlev\u00e9l<\/a><\/div>\r\n                            <ul class=\"categories\">\r\n                                            <li><a style=\"background: rgba(44,40,48,0.59); color: #ffffff\" href=\"https:\/\/veszpremikamara.hu\/index.php\/hirek\/gazdasag\">Gazdas\u00e1g<\/a><\/li>\r\n                                        <li><span class=\"public-at\">2026. m\u00e1rcius 19.<\/span><\/li>\r\n                <\/ul>\r\n                        <div class=\"desc\"><p style=\"text-align:justify\">Megjelent a&nbsp;<a href=\"https:\/\/www.mszt.hu\/hu-hu\/\" target=\"_blank\">Magyar Szabv\u00e1ny\u00fcgyi Test\u00fclet (MSZT)<\/a>&nbsp;aktu\u00e1lis szabv\u00e1ny\u00fcgyi h\u00edrlevele, amely \u00faj \u00e9s m\u00f3dos\u00edtott szabv\u00e1nyokat mutat be t\u00f6bbek k\u00f6z\u00f6tt a v\u00edzm\u00e9r\u00e9s, a mikrom\u0171anyagok mintav\u00e9tele, a hegeszt\u00e9s biztons\u00e1gi k\u00f6vetelm\u00e9nyei \u00e9s a kritikus infrastrukt\u00far\u00e1khoz kapcsol\u00f3d\u00f3 technol\u00f3gi\u00e1k ter\u00fclet\u00e9n.<\/p><\/div>\r\n        <\/div>\r\n    <\/div>\r\n        <\/div>\r\n            <div class=\"col-md-6 inline-col feed-item\">\r\n            <div class=\"clearfix\">\r\n        <div class=\"col-xs-12 img  \">\r\n            <a  href=\"https:\/\/veszpremikamara.hu\/index.php\/hirek\/gepjarmuado-2026\">\r\n                <img class=\"img-responsive img-center\" src=\"https:\/\/veszpremikamara.hu\/uploads\/feed_items\/small-row-new-cars-port-17737458498966.jpg\" alt=\"G\u00e9pj\u00e1rm\u0171ad\u00f3 2026\">\r\n            <\/a>\r\n        <\/div>\r\n        <div class=\"col-xs-7 info\">\r\n            <div class=\"title\"><a  href=\"https:\/\/veszpremikamara.hu\/index.php\/hirek\/gepjarmuado-2026\">G\u00e9pj\u00e1rm\u0171ad\u00f3 2026<\/a><\/div>\r\n                            <ul class=\"categories\">\r\n                                            <li><a style=\"background: rgba(44,40,48,0.59); color: #ffffff\" href=\"https:\/\/veszpremikamara.hu\/index.php\/hirek\/gazdasag\">Gazdas\u00e1g<\/a><\/li>\r\n                                            <li><a style=\"background: #ff0000; color: #ffffff\" href=\"https:\/\/veszpremikamara.hu\/index.php\/hirek\/nav-hirek\">NAV h\u00edrek<\/a><\/li>\r\n                                        <li><span class=\"public-at\">2026. m\u00e1rcius 17.<\/span><\/li>\r\n                <\/ul>\r\n                        <div class=\"desc\"><p style=\"text-align:justify\">A Nemzeti Ad\u00f3-\u00e9s V\u00e1mhivatal megkezdte a&nbsp;<a href=\"https:\/\/nav.gov.hu\/sajtoszoba\/hirek\/folyamatosan-erkeznek-a-gepjarmuados-hatarozatok\" target=\"_blank\">g\u00e9pj\u00e1rm\u0171ad\u00f3 hat\u00e1rozatok kik\u00fcld\u00e9s\u00e9t<\/a>&nbsp;postai \u00faton, illetve \u00fcgyf\u00e9lkapun is.<\/p><\/div>\r\n        <\/div>\r\n    <\/div>\r\n        <\/div>\r\n            <div class=\"col-md-6 inline-col feed-item\">\r\n            <div class=\"clearfix\">\r\n        <div class=\"col-xs-12 img  \">\r\n            <a  href=\"https:\/\/veszpremikamara.hu\/index.php\/hirek\/a-magyar-kereskedelmi-es-iparkamara-egyeni-vallalkozoi-egyablakos-rendszere\">\r\n                <img class=\"img-responsive img-center\" src=\"https:\/\/veszpremikamara.hu\/uploads\/feed_items\/small-mkik-cimer-logo-pozitiv-17737453828429.png\" alt=\"A Magyar Kereskedelmi \u00e9s Iparkamara egy\u00e9ni v\u00e1llalkoz\u00f3i egyablakos rendszere\">\r\n            <\/a>\r\n        <\/div>\r\n        <div class=\"col-xs-7 info\">\r\n            <div class=\"title\"><a  href=\"https:\/\/veszpremikamara.hu\/index.php\/hirek\/a-magyar-kereskedelmi-es-iparkamara-egyeni-vallalkozoi-egyablakos-rendszere\">A Magyar Kereskedelmi \u00e9s Iparkamara egy\u00e9ni v\u00e1llalkoz\u00f3i egyablakos rendszere<\/a><\/div>\r\n                            <ul class=\"categories\">\r\n                                            <li><a style=\"background: #921a1d; color: #ffffff\" href=\"https:\/\/veszpremikamara.hu\/index.php\/hirek\/kamara\">Kamara<\/a><\/li>\r\n                                            <li><a style=\"background: rgba(44,40,48,0.59); color: #ffffff\" href=\"https:\/\/veszpremikamara.hu\/index.php\/hirek\/gazdasag\">Gazdas\u00e1g<\/a><\/li>\r\n                                        <li><span class=\"public-at\">2026. m\u00e1rcius 17.<\/span><\/li>\r\n                <\/ul>\r\n                        <div class=\"desc\"><p style=\"text-align:justify\"><a href=\"https:\/\/mkik.hu\/hirek\/2027-tol-egyablakos-ugyintezessel-tamogatja-a-vallalkozokat-a-kamara\" target=\"_blank\">Magyar Kereskedelmi \u00e9s Iparkamara (MKIK)<\/a>&nbsp;feladatai az Orsz\u00e1ggy\u0171l\u00e9s d\u00f6nt\u00e9se alapj\u00e1n 2027. janu\u00e1r 1-t\u0151l kib\u0151v\u00fclnek, az egy\u00e9ni v\u00e1llalkoz\u00f3k nyilv\u00e1ntart\u00e1s\u00e1t a Nemzeti Ad\u00f3- \u00e9s V\u00e1mhivatalt\u00f3l \u00e1tveszi, cs\u00f6kkentve ezzel a v\u00e1llalkoz\u00e1sok adminisztr\u00e1ci\u00f3s terheit.<\/p><\/div>\r\n        <\/div>\r\n    <\/div>\r\n        <\/div>\r\n    <\/div>\r\n\r\n<ul class=\"pagination\">\r\n                    <li class=\"left\"><a href=\"https:\/\/veszpremikamara.hu\/index.php\/api\/feeds\/page?page=7\" rel=\"prev\"><span class=\"icon icon-arrow-flat-left\"><\/span><\/a><\/li>\r\n        \r\n                    \r\n                                                                        <li><a href=\"https:\/\/veszpremikamara.hu\/index.php\/api\/feeds\/page?page=1\">01<\/a><\/li>\r\n                                                                                <li><a href=\"https:\/\/veszpremikamara.hu\/index.php\/api\/feeds\/page?page=2\">02<\/a><\/li>\r\n                                                                                    <li class=\"disabled\"><span>...<\/span><\/li>\r\n            \r\n                                \r\n                                                                        <li><a href=\"https:\/\/veszpremikamara.hu\/index.php\/api\/feeds\/page?page=5\">05<\/a><\/li>\r\n                                                                                <li><a href=\"https:\/\/veszpremikamara.hu\/index.php\/api\/feeds\/page?page=6\">06<\/a><\/li>\r\n                                                                                <li><a href=\"https:\/\/veszpremikamara.hu\/index.php\/api\/feeds\/page?page=7\">07<\/a><\/li>\r\n                                                                                <li class=\"active\"><span>08<\/span><\/li>\r\n                                                                                <li><a href=\"https:\/\/veszpremikamara.hu\/index.php\/api\/feeds\/page?page=9\">09<\/a><\/li>\r\n                                                                                <li><a href=\"https:\/\/veszpremikamara.hu\/index.php\/api\/feeds\/page?page=10\">10<\/a><\/li>\r\n                                                                                <li><a href=\"https:\/\/veszpremikamara.hu\/index.php\/api\/feeds\/page?page=11\">11<\/a><\/li>\r\n                                                                                    <li class=\"disabled\"><span>...<\/span><\/li>\r\n            \r\n                                \r\n                                                                        <li><a href=\"https:\/\/veszpremikamara.hu\/index.php\/api\/feeds\/page?page=175\">175<\/a><\/li>\r\n                                                                                <li><a href=\"https:\/\/veszpremikamara.hu\/index.php\/api\/feeds\/page?page=176\">176<\/a><\/li>\r\n                                                        \r\n                    <li class=\"right\"><a href=\"https:\/\/veszpremikamara.hu\/index.php\/api\/feeds\/page?page=9\" rel=\"next\"><span class=\"icon icon-arrow-flat-right\"><\/span><\/a><\/li>\r\n            <\/ul>\r\n\r\n","page":"8"}